{"id":11350,"date":"2025-09-23T14:19:49","date_gmt":"2025-09-23T14:19:49","guid":{"rendered":"https:\/\/drbenoitbenoit.com\/?p=11350"},"modified":"2025-09-16T14:23:18","modified_gmt":"2025-09-16T14:23:18","slug":"fracture-du-poignet","status":"publish","type":"post","link":"https:\/\/drbenoitbenoit.com\/fr\/fracture-du-poignet\/","title":{"rendered":"Fracture du poignet : prise en charge orthop\u00e9dique et r\u00e9cup\u00e9ration"},"content":{"rendered":"\n<p>La <strong>fracture du poignet<\/strong> est une blessure courante qui peut survenir \u00e0 la suite d&rsquo;une chute, d&rsquo;un accident de sport ou d&rsquo;autres traumatismes. Cette blessure peut affecter des personnes de tous \u00e2ges, mais elle est particuli\u00e8rement fr\u00e9quente chez les personnes \u00e2g\u00e9es et les sportifs. La prise en charge et la r\u00e9cup\u00e9ration apr\u00e8s une fracture du poignet n\u00e9cessitent une attention particuli\u00e8re pour garantir un r\u00e9tablissement optimal.<\/p>\n\n\n\n<p>Dans cet article, nous allons explorer les diff\u00e9rentes \u00e9tapes de la prise en charge orthop\u00e9dique d&rsquo;une fracture du poignet, ainsi que les m\u00e9thodes de r\u00e9habilitation et de r\u00e9cup\u00e9ration qui peuvent aider les patients \u00e0 retrouver leur mobilit\u00e9 et leur force. <a href=\"https:\/\/drbenoitbenoit.com\/fr\/traumatologie\/\">Cliquez ici pour d\u00e9couvrir les solutions possibles<\/a>.<\/p>\n\n\n\n<h2 class=\"wp-block-heading\"><strong>Comprendre la fracture du poignet<\/strong><\/h2>\n\n\n\n<p>Le poignet est une articulation complexe compos\u00e9e de plusieurs os, dont le radius et le cubitus. Une fracture du poignet se produit lorsque l&rsquo;un de ces os se brise, souvent \u00e0 la suite d&rsquo;un impact direct ou d&rsquo;une torsion excessive. Les fractures peuvent \u00eatre class\u00e9es en diff\u00e9rentes cat\u00e9gories, notamment :<\/p>\n\n\n\n<ul class=\"wp-block-list\">\n<li><strong>Fractures de Colles :<\/strong> Fractures du radius distal, souvent caus\u00e9es par une chute sur la main.<\/li>\n\n\n\n<li><strong>Fractures de Smith :<\/strong> Fractures du radius avec un d\u00e9placement vers l\u2019avant.<\/li>\n\n\n\n<li><strong>Fractures scapho\u00efdes :<\/strong> Impliquent l&rsquo;os scapho\u00efde, un os du poignet souvent touch\u00e9 lors de chutes.<\/li>\n<\/ul>\n\n\n\n<h2 class=\"wp-block-heading\"><strong>Diagnostic d&rsquo;une fracture du poignet<\/strong><\/h2>\n\n\n\n<p>Le diagnostic d&rsquo;une fracture du poignet commence par un examen clinique approfondi, o\u00f9 le m\u00e9decin \u00e9value la douleur, le gonflement et la mobilit\u00e9 du poignet. Des examens d&rsquo;imagerie, tels que des radiographies, sont souvent n\u00e9cessaires pour confirmer la pr\u00e9sence d&rsquo;une fracture et d\u00e9terminer sa gravit\u00e9.<\/p>\n\n\n\n<h2 class=\"wp-block-heading\"><strong>Prise en charge orthop\u00e9dique<\/strong><\/h2>\n\n\n\n<p>La <strong>prise en charge orthop\u00e9dique<\/strong> d&rsquo;une fracture du poignet varie en fonction de la gravit\u00e9 de la blessure. Les options de traitement peuvent inclure :<\/p>\n\n\n\n<ul class=\"wp-block-list\">\n<li><strong>Immobilisation :<\/strong> L&rsquo;utilisation d&rsquo;une attelle ou d&rsquo;un pl\u00e2tre pour immobiliser le poignet pendant la gu\u00e9rison.<\/li>\n\n\n\n<li><strong>Intervention chirurgicale :<\/strong> Dans certains cas, la chirurgie peut \u00eatre n\u00e9cessaire pour r\u00e9aligner les os fractur\u00e9s ou pour stabiliser la fracture avec des plaques et des vis.<\/li>\n\n\n\n<li><strong>Gestion de la douleur :<\/strong> Des m\u00e9dicaments anti-inflammatoires ou analg\u00e9siques peuvent \u00eatre prescrits pour soulager la douleur.<\/li>\n<\/ul>\n\n\n\n<h2 class=\"wp-block-heading\"><strong>R\u00e9habilitation et r\u00e9cup\u00e9ration<\/strong><\/h2>\n\n\n\n<p>Une fois que la fracture est stabilis\u00e9e, la r\u00e9habilitation est essentielle pour retrouver la fonction compl\u00e8te du poignet. La r\u00e9habilitation comprend plusieurs \u00e9tapes :<\/p>\n\n\n\n<h3 class=\"wp-block-heading\"><strong>1. Mobilisation pr\u00e9coce<\/strong><\/h3>\n\n\n\n<p>Apr\u00e8s une p\u00e9riode d&rsquo;immobilisation, il est important de commencer des exercices de mobilisation douce pour \u00e9viter la raideur articulaire. Ces exercices doivent \u00eatre r\u00e9alis\u00e9s sous la supervision d&rsquo;un physioth\u00e9rapeute.<\/p>\n\n\n\n<h3 class=\"wp-block-heading\"><strong>2. Renforcement musculaire<\/strong><\/h3>\n\n\n\n<p>Une fois que la douleur a diminu\u00e9 et que la mobilit\u00e9 est r\u00e9tablie, des exercices de renforcement musculaire peuvent \u00eatre introduits pour aider \u00e0 reconstruire la force du poignet et des muscles environnants.<\/p>\n\n\n\n<h3 class=\"wp-block-heading\"><strong>3. Retour \u00e0 l&rsquo;activit\u00e9<\/strong><\/h3>\n\n\n\n<p>Le retour \u00e0 des activit\u00e9s sportives ou \u00e0 des t\u00e2ches quotidiennes doit \u00eatre progressif. Il est crucial d&rsquo;\u00e9couter son corps et de ne pas pr\u00e9cipiter le processus de r\u00e9cup\u00e9ration.<\/p>\n\n\n\n<h2 class=\"wp-block-heading\"><strong>Pr\u00e9vention des fractures du poignet<\/strong><\/h2>\n\n\n\n<p>Pour r\u00e9duire le risque de fractures du poignet, il est recommand\u00e9 de :<\/p>\n\n\n\n<ul class=\"wp-block-list\">\n<li>Pratiquer des activit\u00e9s physiques r\u00e9guli\u00e8res pour renforcer les muscles et les os.<\/li>\n\n\n\n<li>Utiliser des \u00e9quipements de protection lors de la pratique de sports \u00e0 risque.<\/li>\n\n\n\n<li>\u00c9viter les surfaces glissantes et porter des chaussures appropri\u00e9es.<\/li>\n<\/ul>\n\n\n\n<h2 class=\"wp-block-heading\"><strong>Conclusion<\/strong><\/h2>\n\n\n\n<p>La fracture du poignet est une blessure s\u00e9rieuse qui n\u00e9cessite une prise en charge appropri\u00e9e pour garantir une r\u00e9cup\u00e9ration compl\u00e8te. Gr\u00e2ce \u00e0 une \u00e9valuation correcte, un traitement adapt\u00e9 et une r\u00e9habilitation cibl\u00e9e, les patients peuvent retrouver leur mobilit\u00e9 et leur qualit\u00e9 de vie. Si vous souffrez d&rsquo;une fracture du poignet, il est essentiel de consulter un professionnel de sant\u00e9 pour un suivi ad\u00e9quat.<\/p>\n\n\n\n<h2 class=\"wp-block-heading\"><strong>FAQ<\/strong><\/h2>\n\n\n\n<div class=\"schema-faq wp-block-yoast-faq-block\"><div class=\"schema-faq-section\" id=\"faq-question-1758032432099\"><strong class=\"schema-faq-question\"><strong>Quelles sont les causes les plus fr\u00e9quentes d&rsquo;une fracture du poignet ?<\/strong><\/strong> <p class=\"schema-faq-answer\">Les fractures du poignet surviennent g\u00e9n\u00e9ralement suite \u00e0 des chutes, des accidents sportifs ou des traumatismes directs.<\/p> <\/div> <div class=\"schema-faq-section\" id=\"faq-question-1758032466600\"><strong class=\"schema-faq-question\"><strong>Combien de temps faut-il pour r\u00e9cup\u00e9rer d&rsquo;une fracture du poignet ?<\/strong><\/strong> <p class=\"schema-faq-answer\">Le temps de r\u00e9cup\u00e9ration varie selon la gravit\u00e9 de la fracture, mais il peut g\u00e9n\u00e9ralement prendre de 6 \u00e0 12 semaines.<\/p> <\/div> <div class=\"schema-faq-section\" id=\"faq-question-1758032480713\"><strong class=\"schema-faq-question\"><strong>Quels exercices sont recommand\u00e9s apr\u00e8s une fracture du poignet ?<\/strong><\/strong> <p class=\"schema-faq-answer\">Des exercices de mobilisation douce, suivis d&rsquo;exercices de renforcement, sont recommand\u00e9s, sous supervision m\u00e9dicale.<\/p> <\/div> <div class=\"schema-faq-section\" id=\"faq-question-1758032490996\"><strong class=\"schema-faq-question\"><strong>Quand puis-je reprendre le sport apr\u00e8s une fracture du poignet ?<\/strong><\/strong> <p class=\"schema-faq-answer\">Le retour au sport doit \u00eatre progressif et se faire apr\u00e8s accord de votre m\u00e9decin ou physioth\u00e9rapeute.<\/p> <\/div> <\/div>\n\n\n\n<p>Medical Disclaimer<\/p>\n\n\n\n<p>La pr\u00e9sente information est fournie \u00e0 titre informatif et ne doit pas \u00eatre consid\u00e9r\u00e9e comme un substitut \u00e0 des conseils m\u00e9dicaux professionnels, un diagnostic ou un traitement. Consultez toujours votre m\u00e9decin ou un autre professionnel de sant\u00e9 qualifi\u00e9 pour toute question que vous pourriez avoir concernant une condition m\u00e9dicale ou un traitement. Ne n\u00e9gligez jamais les conseils m\u00e9dicaux professionnels ou ne tardez pas \u00e0 les demander \u00e0 cause de quelque chose que vous avez lu dans cet article.<\/p>\n\n\n\n<p>Si la douleur persiste, n&rsquo;h\u00e9sitez pas \u00e0 consulter un professionnel de sant\u00e9 pour un suivi appropri\u00e9.<\/p>\n","protected":false},"excerpt":{"rendered":"<p>La fracture du poignet est une blessure courante qui peut survenir \u00e0 la suite d&rsquo;une chute, d&rsquo;un accident de sport ou d&rsquo;autres traumatismes. Cette blessure peut affecter des personnes de tous \u00e2ges, mais elle est particuli\u00e8rement fr\u00e9quente chez les personnes \u00e2g\u00e9es et les sportifs. La prise en charge et la r\u00e9cup\u00e9ration apr\u00e8s une fracture du [&hellip;]<\/p>\n","protected":false},"author":990069,"featured_media":11351,"comment_status":"closed","ping_status":"closed","sticky":false,"template":"","format":"standard","meta":{"footnotes":""},"categories":[1],"tags":[],"class_list":["post-11350","post","type-post","status-publish","format-standard","has-post-thumbnail","hentry","category-non-classifiee"],"yoast_head":"<!-- This site is optimized with the Yoast SEO plugin v27.4 - https:\/\/yoast.com\/product\/yoast-seo-wordpress\/ -->\n<title>Fracture du poignet : prise en charge orthop\u00e9dique et r\u00e9cup\u00e9ration<\/title>\n<meta name=\"description\" content=\"D\u00e9couvrez la prise en charge orthop\u00e9dique et les m\u00e9thodes de r\u00e9cup\u00e9ration apr\u00e8s une fracture du poignet.\" \/>\n<meta name=\"robots\" content=\"index, follow, max-snippet:-1, max-image-preview:large, max-video-preview:-1\" \/>\n<link rel=\"canonical\" href=\"https:\/\/drbenoitbenoit.com\/fr\/fracture-du-poignet\/\" \/>\n<meta property=\"og:locale\" content=\"fr_CA\" \/>\n<meta property=\"og:type\" content=\"article\" \/>\n<meta property=\"og:title\" content=\"Fracture du poignet : prise en charge orthop\u00e9dique et r\u00e9cup\u00e9ration\" \/>\n<meta property=\"og:description\" content=\"D\u00e9couvrez la prise en charge orthop\u00e9dique et les m\u00e9thodes de r\u00e9cup\u00e9ration apr\u00e8s une fracture du poignet.\" \/>\n<meta property=\"og:url\" content=\"https:\/\/drbenoitbenoit.com\/fr\/fracture-du-poignet\/\" \/>\n<meta property=\"og:site_name\" content=\"Dr. Benoit Benoit - Chirurgien Orthop\u00e9dique\" \/>\n<meta property=\"article:published_time\" content=\"2025-09-23T14:19:49+00:00\" \/>\n<meta property=\"og:image\" content=\"https:\/\/drbenoitbenoit.com\/wp-content\/uploads\/2025\/09\/fracture-du-poignet.webp\" \/>\n\t<meta property=\"og:image:width\" content=\"1536\" \/>\n\t<meta property=\"og:image:height\" content=\"1024\" \/>\n\t<meta property=\"og:image:type\" content=\"image\/webp\" \/>\n<meta name=\"author\" content=\"Dr. Benoit Benoit\" \/>\n<meta name=\"twitter:card\" content=\"summary_large_image\" \/>\n<script type=\"application\/ld+json\" class=\"yoast-schema-graph\">{\"@context\":\"https:\\\/\\\/schema.org\",\"@graph\":[{\"@type\":\"Article\",\"@id\":\"https:\\\/\\\/drbenoitbenoit.com\\\/fr\\\/fracture-du-poignet\\\/#article\",\"isPartOf\":{\"@id\":\"https:\\\/\\\/drbenoitbenoit.com\\\/fr\\\/fracture-du-poignet\\\/\"},\"author\":{\"name\":\"Dr. Benoit Benoit\",\"@id\":\"https:\\\/\\\/drbenoitbenoit.com\\\/fr\\\/#\\\/schema\\\/person\\\/f4e3a1d27f8d1a269fd5f6d8a1813b5e\"},\"headline\":\"Fracture du poignet : prise en charge orthop\u00e9dique et r\u00e9cup\u00e9ration\",\"datePublished\":\"2025-09-23T14:19:49+00:00\",\"mainEntityOfPage\":{\"@id\":\"https:\\\/\\\/drbenoitbenoit.com\\\/fr\\\/fracture-du-poignet\\\/\"},\"wordCount\":903,\"publisher\":{\"@id\":\"https:\\\/\\\/drbenoitbenoit.com\\\/fr\\\/#organization\"},\"image\":{\"@id\":\"https:\\\/\\\/drbenoitbenoit.com\\\/fr\\\/fracture-du-poignet\\\/#primaryimage\"},\"thumbnailUrl\":\"https:\\\/\\\/drbenoitbenoit.com\\\/wp-content\\\/uploads\\\/2025\\\/09\\\/fracture-du-poignet.webp\",\"articleSection\":[\"Non classifi\u00e9(e)\"],\"inLanguage\":\"fr-CA\"},{\"@type\":[\"WebPage\",\"FAQPage\"],\"@id\":\"https:\\\/\\\/drbenoitbenoit.com\\\/fr\\\/fracture-du-poignet\\\/\",\"url\":\"https:\\\/\\\/drbenoitbenoit.com\\\/fr\\\/fracture-du-poignet\\\/\",\"name\":\"Fracture du poignet : prise en charge orthop\u00e9dique et r\u00e9cup\u00e9ration\",\"isPartOf\":{\"@id\":\"https:\\\/\\\/drbenoitbenoit.com\\\/fr\\\/#website\"},\"primaryImageOfPage\":{\"@id\":\"https:\\\/\\\/drbenoitbenoit.com\\\/fr\\\/fracture-du-poignet\\\/#primaryimage\"},\"image\":{\"@id\":\"https:\\\/\\\/drbenoitbenoit.com\\\/fr\\\/fracture-du-poignet\\\/#primaryimage\"},\"thumbnailUrl\":\"https:\\\/\\\/drbenoitbenoit.com\\\/wp-content\\\/uploads\\\/2025\\\/09\\\/fracture-du-poignet.webp\",\"datePublished\":\"2025-09-23T14:19:49+00:00\",\"description\":\"D\u00e9couvrez la prise en charge orthop\u00e9dique et les m\u00e9thodes de r\u00e9cup\u00e9ration apr\u00e8s une fracture du poignet.\",\"breadcrumb\":{\"@id\":\"https:\\\/\\\/drbenoitbenoit.com\\\/fr\\\/fracture-du-poignet\\\/#breadcrumb\"},\"mainEntity\":[{\"@id\":\"https:\\\/\\\/drbenoitbenoit.com\\\/fr\\\/fracture-du-poignet\\\/#faq-question-1758032432099\"},{\"@id\":\"https:\\\/\\\/drbenoitbenoit.com\\\/fr\\\/fracture-du-poignet\\\/#faq-question-1758032466600\"},{\"@id\":\"https:\\\/\\\/drbenoitbenoit.com\\\/fr\\\/fracture-du-poignet\\\/#faq-question-1758032480713\"},{\"@id\":\"https:\\\/\\\/drbenoitbenoit.com\\\/fr\\\/fracture-du-poignet\\\/#faq-question-1758032490996\"}],\"inLanguage\":\"fr-CA\",\"potentialAction\":[{\"@type\":\"ReadAction\",\"target\":[\"https:\\\/\\\/drbenoitbenoit.com\\\/fr\\\/fracture-du-poignet\\\/\"]}]},{\"@type\":\"ImageObject\",\"inLanguage\":\"fr-CA\",\"@id\":\"https:\\\/\\\/drbenoitbenoit.com\\\/fr\\\/fracture-du-poignet\\\/#primaryimage\",\"url\":\"https:\\\/\\\/drbenoitbenoit.com\\\/wp-content\\\/uploads\\\/2025\\\/09\\\/fracture-du-poignet.webp\",\"contentUrl\":\"https:\\\/\\\/drbenoitbenoit.com\\\/wp-content\\\/uploads\\\/2025\\\/09\\\/fracture-du-poignet.webp\",\"width\":1536,\"height\":1024,\"caption\":\"fracture du poignet\"},{\"@type\":\"BreadcrumbList\",\"@id\":\"https:\\\/\\\/drbenoitbenoit.com\\\/fr\\\/fracture-du-poignet\\\/#breadcrumb\",\"itemListElement\":[{\"@type\":\"ListItem\",\"position\":1,\"name\":\"Accueil\",\"item\":\"https:\\\/\\\/drbenoitbenoit.com\\\/fr\\\/\"},{\"@type\":\"ListItem\",\"position\":2,\"name\":\"Fracture du poignet : prise en charge orthop\u00e9dique et r\u00e9cup\u00e9ration\"}]},{\"@type\":\"WebSite\",\"@id\":\"https:\\\/\\\/drbenoitbenoit.com\\\/fr\\\/#website\",\"url\":\"https:\\\/\\\/drbenoitbenoit.com\\\/fr\\\/\",\"name\":\"Dr. Benoit Benoit - Chirurgien Orthop\u00e9dique\",\"description\":\"\",\"publisher\":{\"@id\":\"https:\\\/\\\/drbenoitbenoit.com\\\/fr\\\/#organization\"},\"potentialAction\":[{\"@type\":\"SearchAction\",\"target\":{\"@type\":\"EntryPoint\",\"urlTemplate\":\"https:\\\/\\\/drbenoitbenoit.com\\\/fr\\\/?s={search_term_string}\"},\"query-input\":{\"@type\":\"PropertyValueSpecification\",\"valueRequired\":true,\"valueName\":\"search_term_string\"}}],\"inLanguage\":\"fr-CA\"},{\"@type\":\"Organization\",\"@id\":\"https:\\\/\\\/drbenoitbenoit.com\\\/fr\\\/#organization\",\"name\":\"Dr Benoit Benoit\",\"url\":\"https:\\\/\\\/drbenoitbenoit.com\\\/fr\\\/\",\"logo\":{\"@type\":\"ImageObject\",\"inLanguage\":\"fr-CA\",\"@id\":\"https:\\\/\\\/drbenoitbenoit.com\\\/fr\\\/#\\\/schema\\\/logo\\\/image\\\/\",\"url\":\"https:\\\/\\\/drbenoitbenoit.com\\\/wp-content\\\/uploads\\\/2022\\\/04\\\/cropped-Favicon-Dr-Benoit_2022-1.png\",\"contentUrl\":\"https:\\\/\\\/drbenoitbenoit.com\\\/wp-content\\\/uploads\\\/2022\\\/04\\\/cropped-Favicon-Dr-Benoit_2022-1.png\",\"width\":512,\"height\":512,\"caption\":\"Dr Benoit Benoit\"},\"image\":{\"@id\":\"https:\\\/\\\/drbenoitbenoit.com\\\/fr\\\/#\\\/schema\\\/logo\\\/image\\\/\"}},{\"@type\":\"Person\",\"@id\":\"https:\\\/\\\/drbenoitbenoit.com\\\/fr\\\/#\\\/schema\\\/person\\\/f4e3a1d27f8d1a269fd5f6d8a1813b5e\",\"name\":\"Dr. Benoit Benoit\",\"description\":\"Dr. Benoit is an assistant professor of surgery at the\u00a0Universit\u00e9 de Montr\u00e9al\u00a0and\u00a0practices at the\u00a0CIUSSS Nord-de-l\u2019\u00eele de Montr\u00e9al. He completed his medical degree at\u00a0Universit\u00e9 Laval\u00a0in Quebec City in 2001 and did his orthopedic residency at the\u00a0Universit\u00e9 de Montreal, where he was on the Dean\u2019s honour list. Following his residency, he completed two additional years of fellowship training; the first year in Geneva, Switzerland and the second year in Ottawa, Canada.\",\"sameAs\":[\"http:\\\/\\\/www.medicalplus.io\\\/\"]},{\"@type\":\"Question\",\"@id\":\"https:\\\/\\\/drbenoitbenoit.com\\\/fr\\\/fracture-du-poignet\\\/#faq-question-1758032432099\",\"position\":1,\"url\":\"https:\\\/\\\/drbenoitbenoit.com\\\/fr\\\/fracture-du-poignet\\\/#faq-question-1758032432099\",\"name\":\"Quelles sont les causes les plus fr\u00e9quentes d'une fracture du poignet ?\",\"answerCount\":1,\"acceptedAnswer\":{\"@type\":\"Answer\",\"text\":\"Les fractures du poignet surviennent g\u00e9n\u00e9ralement suite \u00e0 des chutes, des accidents sportifs ou des traumatismes directs.\",\"inLanguage\":\"fr-CA\"},\"inLanguage\":\"fr-CA\"},{\"@type\":\"Question\",\"@id\":\"https:\\\/\\\/drbenoitbenoit.com\\\/fr\\\/fracture-du-poignet\\\/#faq-question-1758032466600\",\"position\":2,\"url\":\"https:\\\/\\\/drbenoitbenoit.com\\\/fr\\\/fracture-du-poignet\\\/#faq-question-1758032466600\",\"name\":\"Combien de temps faut-il pour r\u00e9cup\u00e9rer d'une fracture du poignet ?\",\"answerCount\":1,\"acceptedAnswer\":{\"@type\":\"Answer\",\"text\":\"Le temps de r\u00e9cup\u00e9ration varie selon la gravit\u00e9 de la fracture, mais il peut g\u00e9n\u00e9ralement prendre de 6 \u00e0 12 semaines.\",\"inLanguage\":\"fr-CA\"},\"inLanguage\":\"fr-CA\"},{\"@type\":\"Question\",\"@id\":\"https:\\\/\\\/drbenoitbenoit.com\\\/fr\\\/fracture-du-poignet\\\/#faq-question-1758032480713\",\"position\":3,\"url\":\"https:\\\/\\\/drbenoitbenoit.com\\\/fr\\\/fracture-du-poignet\\\/#faq-question-1758032480713\",\"name\":\"Quels exercices sont recommand\u00e9s apr\u00e8s une fracture du poignet ?\",\"answerCount\":1,\"acceptedAnswer\":{\"@type\":\"Answer\",\"text\":\"Des exercices de mobilisation douce, suivis d'exercices de renforcement, sont recommand\u00e9s, sous supervision m\u00e9dicale.\",\"inLanguage\":\"fr-CA\"},\"inLanguage\":\"fr-CA\"},{\"@type\":\"Question\",\"@id\":\"https:\\\/\\\/drbenoitbenoit.com\\\/fr\\\/fracture-du-poignet\\\/#faq-question-1758032490996\",\"position\":4,\"url\":\"https:\\\/\\\/drbenoitbenoit.com\\\/fr\\\/fracture-du-poignet\\\/#faq-question-1758032490996\",\"name\":\"Quand puis-je reprendre le sport apr\u00e8s une fracture du poignet ?\",\"answerCount\":1,\"acceptedAnswer\":{\"@type\":\"Answer\",\"text\":\"Le retour au sport doit \u00eatre progressif et se faire apr\u00e8s accord de votre m\u00e9decin ou physioth\u00e9rapeute.\",\"inLanguage\":\"fr-CA\"},\"inLanguage\":\"fr-CA\"}]}<\/script>\n<!-- \/ Yoast SEO plugin. -->","yoast_head_json":{"title":"Fracture du poignet : prise en charge orthop\u00e9dique et r\u00e9cup\u00e9ration","description":"D\u00e9couvrez la prise en charge orthop\u00e9dique et les m\u00e9thodes de r\u00e9cup\u00e9ration apr\u00e8s une fracture du poignet.","robots":{"index":"index","follow":"follow","max-snippet":"max-snippet:-1","max-image-preview":"max-image-preview:large","max-video-preview":"max-video-preview:-1"},"canonical":"https:\/\/drbenoitbenoit.com\/fr\/fracture-du-poignet\/","og_locale":"fr_CA","og_type":"article","og_title":"Fracture du poignet : prise en charge orthop\u00e9dique et r\u00e9cup\u00e9ration","og_description":"D\u00e9couvrez la prise en charge orthop\u00e9dique et les m\u00e9thodes de r\u00e9cup\u00e9ration apr\u00e8s une fracture du poignet.","og_url":"https:\/\/drbenoitbenoit.com\/fr\/fracture-du-poignet\/","og_site_name":"Dr. Benoit Benoit - Chirurgien Orthop\u00e9dique","article_published_time":"2025-09-23T14:19:49+00:00","og_image":[{"width":1536,"height":1024,"url":"https:\/\/drbenoitbenoit.com\/wp-content\/uploads\/2025\/09\/fracture-du-poignet.webp","type":"image\/webp"}],"author":"Dr. Benoit Benoit","twitter_card":"summary_large_image","schema":{"@context":"https:\/\/schema.org","@graph":[{"@type":"Article","@id":"https:\/\/drbenoitbenoit.com\/fr\/fracture-du-poignet\/#article","isPartOf":{"@id":"https:\/\/drbenoitbenoit.com\/fr\/fracture-du-poignet\/"},"author":{"name":"Dr. Benoit Benoit","@id":"https:\/\/drbenoitbenoit.com\/fr\/#\/schema\/person\/f4e3a1d27f8d1a269fd5f6d8a1813b5e"},"headline":"Fracture du poignet : prise en charge orthop\u00e9dique et r\u00e9cup\u00e9ration","datePublished":"2025-09-23T14:19:49+00:00","mainEntityOfPage":{"@id":"https:\/\/drbenoitbenoit.com\/fr\/fracture-du-poignet\/"},"wordCount":903,"publisher":{"@id":"https:\/\/drbenoitbenoit.com\/fr\/#organization"},"image":{"@id":"https:\/\/drbenoitbenoit.com\/fr\/fracture-du-poignet\/#primaryimage"},"thumbnailUrl":"https:\/\/drbenoitbenoit.com\/wp-content\/uploads\/2025\/09\/fracture-du-poignet.webp","articleSection":["Non classifi\u00e9(e)"],"inLanguage":"fr-CA"},{"@type":["WebPage","FAQPage"],"@id":"https:\/\/drbenoitbenoit.com\/fr\/fracture-du-poignet\/","url":"https:\/\/drbenoitbenoit.com\/fr\/fracture-du-poignet\/","name":"Fracture du poignet : prise en charge orthop\u00e9dique et r\u00e9cup\u00e9ration","isPartOf":{"@id":"https:\/\/drbenoitbenoit.com\/fr\/#website"},"primaryImageOfPage":{"@id":"https:\/\/drbenoitbenoit.com\/fr\/fracture-du-poignet\/#primaryimage"},"image":{"@id":"https:\/\/drbenoitbenoit.com\/fr\/fracture-du-poignet\/#primaryimage"},"thumbnailUrl":"https:\/\/drbenoitbenoit.com\/wp-content\/uploads\/2025\/09\/fracture-du-poignet.webp","datePublished":"2025-09-23T14:19:49+00:00","description":"D\u00e9couvrez la prise en charge orthop\u00e9dique et les m\u00e9thodes de r\u00e9cup\u00e9ration apr\u00e8s une fracture du poignet.","breadcrumb":{"@id":"https:\/\/drbenoitbenoit.com\/fr\/fracture-du-poignet\/#breadcrumb"},"mainEntity":[{"@id":"https:\/\/drbenoitbenoit.com\/fr\/fracture-du-poignet\/#faq-question-1758032432099"},{"@id":"https:\/\/drbenoitbenoit.com\/fr\/fracture-du-poignet\/#faq-question-1758032466600"},{"@id":"https:\/\/drbenoitbenoit.com\/fr\/fracture-du-poignet\/#faq-question-1758032480713"},{"@id":"https:\/\/drbenoitbenoit.com\/fr\/fracture-du-poignet\/#faq-question-1758032490996"}],"inLanguage":"fr-CA","potentialAction":[{"@type":"ReadAction","target":["https:\/\/drbenoitbenoit.com\/fr\/fracture-du-poignet\/"]}]},{"@type":"ImageObject","inLanguage":"fr-CA","@id":"https:\/\/drbenoitbenoit.com\/fr\/fracture-du-poignet\/#primaryimage","url":"https:\/\/drbenoitbenoit.com\/wp-content\/uploads\/2025\/09\/fracture-du-poignet.webp","contentUrl":"https:\/\/drbenoitbenoit.com\/wp-content\/uploads\/2025\/09\/fracture-du-poignet.webp","width":1536,"height":1024,"caption":"fracture du poignet"},{"@type":"BreadcrumbList","@id":"https:\/\/drbenoitbenoit.com\/fr\/fracture-du-poignet\/#breadcrumb","itemListElement":[{"@type":"ListItem","position":1,"name":"Accueil","item":"https:\/\/drbenoitbenoit.com\/fr\/"},{"@type":"ListItem","position":2,"name":"Fracture du poignet : prise en charge orthop\u00e9dique et r\u00e9cup\u00e9ration"}]},{"@type":"WebSite","@id":"https:\/\/drbenoitbenoit.com\/fr\/#website","url":"https:\/\/drbenoitbenoit.com\/fr\/","name":"Dr. Benoit Benoit - Chirurgien Orthop\u00e9dique","description":"","publisher":{"@id":"https:\/\/drbenoitbenoit.com\/fr\/#organization"},"potentialAction":[{"@type":"SearchAction","target":{"@type":"EntryPoint","urlTemplate":"https:\/\/drbenoitbenoit.com\/fr\/?s={search_term_string}"},"query-input":{"@type":"PropertyValueSpecification","valueRequired":true,"valueName":"search_term_string"}}],"inLanguage":"fr-CA"},{"@type":"Organization","@id":"https:\/\/drbenoitbenoit.com\/fr\/#organization","name":"Dr Benoit Benoit","url":"https:\/\/drbenoitbenoit.com\/fr\/","logo":{"@type":"ImageObject","inLanguage":"fr-CA","@id":"https:\/\/drbenoitbenoit.com\/fr\/#\/schema\/logo\/image\/","url":"https:\/\/drbenoitbenoit.com\/wp-content\/uploads\/2022\/04\/cropped-Favicon-Dr-Benoit_2022-1.png","contentUrl":"https:\/\/drbenoitbenoit.com\/wp-content\/uploads\/2022\/04\/cropped-Favicon-Dr-Benoit_2022-1.png","width":512,"height":512,"caption":"Dr Benoit Benoit"},"image":{"@id":"https:\/\/drbenoitbenoit.com\/fr\/#\/schema\/logo\/image\/"}},{"@type":"Person","@id":"https:\/\/drbenoitbenoit.com\/fr\/#\/schema\/person\/f4e3a1d27f8d1a269fd5f6d8a1813b5e","name":"Dr. Benoit Benoit","description":"Dr. Benoit is an assistant professor of surgery at the\u00a0Universit\u00e9 de Montr\u00e9al\u00a0and\u00a0practices at the\u00a0CIUSSS Nord-de-l\u2019\u00eele de Montr\u00e9al. He completed his medical degree at\u00a0Universit\u00e9 Laval\u00a0in Quebec City in 2001 and did his orthopedic residency at the\u00a0Universit\u00e9 de Montreal, where he was on the Dean\u2019s honour list. Following his residency, he completed two additional years of fellowship training; the first year in Geneva, Switzerland and the second year in Ottawa, Canada.","sameAs":["http:\/\/www.medicalplus.io\/"]},{"@type":"Question","@id":"https:\/\/drbenoitbenoit.com\/fr\/fracture-du-poignet\/#faq-question-1758032432099","position":1,"url":"https:\/\/drbenoitbenoit.com\/fr\/fracture-du-poignet\/#faq-question-1758032432099","name":"Quelles sont les causes les plus fr\u00e9quentes d'une fracture du poignet ?","answerCount":1,"acceptedAnswer":{"@type":"Answer","text":"Les fractures du poignet surviennent g\u00e9n\u00e9ralement suite \u00e0 des chutes, des accidents sportifs ou des traumatismes directs.","inLanguage":"fr-CA"},"inLanguage":"fr-CA"},{"@type":"Question","@id":"https:\/\/drbenoitbenoit.com\/fr\/fracture-du-poignet\/#faq-question-1758032466600","position":2,"url":"https:\/\/drbenoitbenoit.com\/fr\/fracture-du-poignet\/#faq-question-1758032466600","name":"Combien de temps faut-il pour r\u00e9cup\u00e9rer d'une fracture du poignet ?","answerCount":1,"acceptedAnswer":{"@type":"Answer","text":"Le temps de r\u00e9cup\u00e9ration varie selon la gravit\u00e9 de la fracture, mais il peut g\u00e9n\u00e9ralement prendre de 6 \u00e0 12 semaines.","inLanguage":"fr-CA"},"inLanguage":"fr-CA"},{"@type":"Question","@id":"https:\/\/drbenoitbenoit.com\/fr\/fracture-du-poignet\/#faq-question-1758032480713","position":3,"url":"https:\/\/drbenoitbenoit.com\/fr\/fracture-du-poignet\/#faq-question-1758032480713","name":"Quels exercices sont recommand\u00e9s apr\u00e8s une fracture du poignet ?","answerCount":1,"acceptedAnswer":{"@type":"Answer","text":"Des exercices de mobilisation douce, suivis d'exercices de renforcement, sont recommand\u00e9s, sous supervision m\u00e9dicale.","inLanguage":"fr-CA"},"inLanguage":"fr-CA"},{"@type":"Question","@id":"https:\/\/drbenoitbenoit.com\/fr\/fracture-du-poignet\/#faq-question-1758032490996","position":4,"url":"https:\/\/drbenoitbenoit.com\/fr\/fracture-du-poignet\/#faq-question-1758032490996","name":"Quand puis-je reprendre le sport apr\u00e8s une fracture du poignet ?","answerCount":1,"acceptedAnswer":{"@type":"Answer","text":"Le retour au sport doit \u00eatre progressif et se faire apr\u00e8s accord de votre m\u00e9decin ou physioth\u00e9rapeute.","inLanguage":"fr-CA"},"inLanguage":"fr-CA"}]}},"_links":{"self":[{"href":"https:\/\/drbenoitbenoit.com\/fr\/wp-json\/wp\/v2\/posts\/11350","targetHints":{"allow":["GET"]}}],"collection":[{"href":"https:\/\/drbenoitbenoit.com\/fr\/wp-json\/wp\/v2\/posts"}],"about":[{"href":"https:\/\/drbenoitbenoit.com\/fr\/wp-json\/wp\/v2\/types\/post"}],"author":[{"embeddable":true,"href":"https:\/\/drbenoitbenoit.com\/fr\/wp-json\/wp\/v2\/users\/990069"}],"replies":[{"embeddable":true,"href":"https:\/\/drbenoitbenoit.com\/fr\/wp-json\/wp\/v2\/comments?post=11350"}],"version-history":[{"count":2,"href":"https:\/\/drbenoitbenoit.com\/fr\/wp-json\/wp\/v2\/posts\/11350\/revisions"}],"predecessor-version":[{"id":11354,"href":"https:\/\/drbenoitbenoit.com\/fr\/wp-json\/wp\/v2\/posts\/11350\/revisions\/11354"}],"wp:featuredmedia":[{"embeddable":true,"href":"https:\/\/drbenoitbenoit.com\/fr\/wp-json\/wp\/v2\/media\/11351"}],"wp:attachment":[{"href":"https:\/\/drbenoitbenoit.com\/fr\/wp-json\/wp\/v2\/media?parent=11350"}],"wp:term":[{"taxonomy":"category","embeddable":true,"href":"https:\/\/drbenoitbenoit.com\/fr\/wp-json\/wp\/v2\/categories?post=11350"},{"taxonomy":"post_tag","embeddable":true,"href":"https:\/\/drbenoitbenoit.com\/fr\/wp-json\/wp\/v2\/tags?post=11350"}],"curies":[{"name":"wp","href":"https:\/\/api.w.org\/{rel}","templated":true}]}}