{"id":11345,"date":"2025-09-19T13:53:45","date_gmt":"2025-09-19T13:53:45","guid":{"rendered":"https:\/\/drbenoitbenoit.com\/?p=11345"},"modified":"2025-09-16T14:00:01","modified_gmt":"2025-09-16T14:00:01","slug":"fracture-du-radius","status":"publish","type":"post","link":"https:\/\/drbenoitbenoit.com\/fr\/fracture-du-radius\/","title":{"rendered":"Fracture du radius : immobilisation, op\u00e9ration et r\u00e9\u00e9ducation"},"content":{"rendered":"\n<p>La <strong>fracture du radius<\/strong> est une blessure courante qui peut toucher des personnes de tous \u00e2ges, en particulier les sportifs, les enfants et les adultes. Cette fracture survient g\u00e9n\u00e9ralement \u00e0 la suite d&rsquo;une chute ou d&rsquo;un traumatisme direct au bras. Comprendre les \u00e9tapes de traitement, y compris l&rsquo;immobilisation, l&rsquo;op\u00e9ration et la r\u00e9\u00e9ducation, est essentiel pour un r\u00e9tablissement optimal.<\/p>\n\n\n\n<p>Dans cet article, nous allons explorer en d\u00e9tail chaque \u00e9tape du processus de gu\u00e9rison apr\u00e8s une fracture du radius. <a href=\"https:\/\/drbenoitbenoit.com\/fr\/traumatologie\/\">Cliquez ici pour d\u00e9couvrir les solutions possibles<\/a>.<\/p>\n\n\n\n<h2 class=\"wp-block-heading\"><strong>Qu&rsquo;est-ce qu&rsquo;une fracture du radius ?<\/strong><\/h2>\n\n\n\n<p>Le radius est l&rsquo;un des deux os de l&rsquo;avant-bras, situ\u00e9 du c\u00f4t\u00e9 du pouce. Une <strong>fracture du radius<\/strong> peut survenir \u00e0 diff\u00e9rents endroits de cet os, notamment au niveau du poignet (fracture de Colles) ou plus pr\u00e8s du coude. Les sympt\u00f4mes typiques incluent une douleur intense, un gonflement, une d\u00e9formation visible et une incapacit\u00e9 \u00e0 utiliser le bras affect\u00e9.<\/p>\n\n\n\n<h2 class=\"wp-block-heading\"><strong>Immobilisation de la fracture du radius<\/strong><\/h2>\n\n\n\n<p>L&rsquo;immobilisation est souvent la premi\u00e8re \u00e9tape du traitement d&rsquo;une fracture du radius. Elle vise \u00e0 stabiliser l&rsquo;os fractur\u00e9 pour permettre une gu\u00e9rison ad\u00e9quate. Cela peut \u00eatre r\u00e9alis\u00e9 par :<\/p>\n\n\n\n<ul class=\"wp-block-list\">\n<li><strong>Pl\u00e2tre ou attelle :<\/strong> Dans de nombreux cas, un pl\u00e2tre ou une attelle est appliqu\u00e9 pour maintenir l&rsquo;os en place. Cela permet de r\u00e9duire la douleur et d&rsquo;\u00e9viter tout mouvement qui pourrait aggraver la blessure.<\/li>\n\n\n\n<li><strong>\u00c9l\u00e9vation :<\/strong> \u00c9lever le bras peut aider \u00e0 r\u00e9duire le gonflement et \u00e0 soulager la douleur.<\/li>\n\n\n\n<li><strong>Repos :<\/strong> Il est crucial d&rsquo;\u00e9viter toute activit\u00e9 qui pourrait solliciter le bras pendant la p\u00e9riode d&rsquo;immobilisation.<\/li>\n<\/ul>\n\n\n\n<p>La dur\u00e9e de l&rsquo;immobilisation d\u00e9pend de la gravit\u00e9 de la fracture, mais elle peut g\u00e9n\u00e9ralement durer de 4 \u00e0 8 semaines. Pendant cette p\u00e9riode, des examens r\u00e9guliers par un professionnel de sant\u00e9 sont n\u00e9cessaires pour s&rsquo;assurer que la gu\u00e9rison progresse correctement.<\/p>\n\n\n\n<h2 class=\"wp-block-heading\"><strong>Op\u00e9ration de la fracture du radius<\/strong><\/h2>\n\n\n\n<p>Dans certains cas, une intervention chirurgicale peut \u00eatre n\u00e9cessaire, surtout si la fracture est complexe ou d\u00e9plac\u00e9e. L&rsquo;objectif de l&rsquo;op\u00e9ration est de r\u00e9aligner les fragments osseux et de les stabiliser. Les m\u00e9thodes chirurgicales courantes incluent :<\/p>\n\n\n\n<ul class=\"wp-block-list\">\n<li><strong>Plaques et vis :<\/strong> Des plaques m\u00e9talliques et des vis peuvent \u00eatre utilis\u00e9es pour fixer les morceaux d&rsquo;os ensemble.<\/li>\n\n\n\n<li><strong>Clous intram\u00e9dullaires :<\/strong> Dans certains cas, un clou peut \u00eatre ins\u00e9r\u00e9 dans le canal m\u00e9dullaire du radius pour maintenir les fragments en place.<\/li>\n\n\n\n<li><strong>Fixateurs externes :<\/strong> Pour les fractures tr\u00e8s instables, un fixateur externe peut \u00eatre utilis\u00e9 pour stabiliser l&rsquo;os de l&rsquo;ext\u00e9rieur.<\/li>\n<\/ul>\n\n\n\n<p>Apr\u00e8s l&rsquo;op\u00e9ration, un suivi m\u00e9dical est essentiel pour surveiller la gu\u00e9rison et pr\u00e9venir les complications.<\/p>\n\n\n\n<h2 class=\"wp-block-heading\"><strong>R\u00e9\u00e9ducation apr\u00e8s une fracture du radius<\/strong><\/h2>\n\n\n\n<p>La r\u00e9\u00e9ducation est une \u00e9tape cruciale dans le processus de gu\u00e9rison apr\u00e8s une fracture du radius. Elle vise \u00e0 restaurer la force, la flexibilit\u00e9 et la fonction du bras. Les principaux aspects de la r\u00e9\u00e9ducation comprennent :<\/p>\n\n\n\n<ul class=\"wp-block-list\">\n<li><strong>Exercices de mobilit\u00e9 :<\/strong> Apr\u00e8s l&rsquo;immobilisation, des exercices doux sont recommand\u00e9s pour retrouver la mobilit\u00e9 de l&rsquo;articulation.<\/li>\n\n\n\n<li><strong>Renforcement musculaire :<\/strong> Une fois que la douleur diminue, des exercices de renforcement sont introduits pour restaurer la force musculaire.<\/li>\n\n\n\n<li><strong>Th\u00e9rapie physique :<\/strong> Travailler avec un physioth\u00e9rapeute peut aider \u00e0 concevoir un programme de r\u00e9habilitation adapt\u00e9 aux besoins sp\u00e9cifiques du patient.<\/li>\n<\/ul>\n\n\n\n<p>La dur\u00e9e de la r\u00e9\u00e9ducation peut varier, mais il est important de suivre les recommandations du professionnel de sant\u00e9 pour \u00e9viter des complications \u00e0 long terme.<\/p>\n\n\n\n<h2 class=\"wp-block-heading\"><strong>Conclusion<\/strong><\/h2>\n\n\n\n<p>La <strong>fracture du radius<\/strong> est une blessure s\u00e9rieuse qui n\u00e9cessite une attention m\u00e9dicale appropri\u00e9e. L&rsquo;immobilisation, l&rsquo;op\u00e9ration et la r\u00e9\u00e9ducation sont des \u00e9tapes essentielles pour garantir une gu\u00e9rison compl\u00e8te. Si vous ressentez des douleurs persistantes ou des complications, il est imp\u00e9ratif de consulter un professionnel de sant\u00e9 pour un suivi adapt\u00e9.<\/p>\n\n\n\n<h2 class=\"wp-block-heading\"><strong>FAQ<\/strong><\/h2>\n\n\n\n<div class=\"schema-faq wp-block-yoast-faq-block\"><div class=\"schema-faq-section\" id=\"faq-question-1758030849333\"><strong class=\"schema-faq-question\"><strong>Quelles sont les causes d&rsquo;une fracture du radius ?<\/strong><\/strong> <p class=\"schema-faq-answer\">Les fractures du radius surviennent g\u00e9n\u00e9ralement \u00e0 la suite d&rsquo;une chute, d&rsquo;un accident de sport ou d&rsquo;un traumatisme direct au bras.<\/p> <\/div> <div class=\"schema-faq-section\" id=\"faq-question-1758030861097\"><strong class=\"schema-faq-question\"><strong>Quels sont les sympt\u00f4mes d&rsquo;une fracture du radius ?<\/strong><\/strong> <p class=\"schema-faq-answer\">Les sympt\u00f4mes incluent douleur intense, gonflement, d\u00e9formation visible et incapacit\u00e9 \u00e0 bouger le bras ou le poignet.<\/p> <\/div> <div class=\"schema-faq-section\" id=\"faq-question-1758030872337\"><strong class=\"schema-faq-question\"><strong>Comment se d\u00e9roule le traitement d&rsquo;une fracture du radius ?<\/strong><\/strong> <p class=\"schema-faq-answer\">Le traitement peut inclure l&rsquo;immobilisation par pl\u00e2tre, une intervention chirurgicale si n\u00e9cessaire, et une r\u00e9\u00e9ducation pour restaurer la fonction.<\/p> <\/div> <div class=\"schema-faq-section\" id=\"faq-question-1758030882929\"><strong class=\"schema-faq-question\"><strong>Combien de temps faut-il pour gu\u00e9rir d&rsquo;une fracture du radius ?<\/strong><\/strong> <p class=\"schema-faq-answer\">La gu\u00e9rison peut prendre de 4 \u00e0 8 semaines, selon la gravit\u00e9 de la fracture et le traitement suivi.<\/p> <\/div> <\/div>\n\n\n\n<h3 class=\"wp-block-heading\">Medical Disclaimer<\/h3>\n\n\n\n<p>La pr\u00e9sente information est fournie \u00e0 titre informatif seulement et ne doit pas \u00eatre consid\u00e9r\u00e9e comme un substitut \u00e0 un avis m\u00e9dical professionnel, un diagnostic ou un traitement. Consultez toujours votre m\u00e9decin ou un autre professionnel de sant\u00e9 qualifi\u00e9 pour toute question que vous pourriez avoir concernant une condition m\u00e9dicale ou un traitement. Ne n\u00e9gligez jamais un avis m\u00e9dical professionnel ou ne retardez pas la recherche de celui-ci en raison de quelque chose que vous avez lu dans cet article.<\/p>\n\n\n\n<p>Si la douleur persiste, n&rsquo;h\u00e9sitez pas \u00e0 consulter un professionnel de sant\u00e9.<\/p>\n","protected":false},"excerpt":{"rendered":"<p>La fracture du radius est une blessure courante qui peut toucher des personnes de tous \u00e2ges, en particulier les sportifs, les enfants et les adultes. Cette fracture survient g\u00e9n\u00e9ralement \u00e0 la suite d&rsquo;une chute ou d&rsquo;un traumatisme direct au bras. Comprendre les \u00e9tapes de traitement, y compris l&rsquo;immobilisation, l&rsquo;op\u00e9ration et la r\u00e9\u00e9ducation, est essentiel pour [&hellip;]<\/p>\n","protected":false},"author":990069,"featured_media":11346,"comment_status":"closed","ping_status":"closed","sticky":false,"template":"","format":"standard","meta":{"footnotes":""},"categories":[1],"tags":[],"class_list":["post-11345","post","type-post","status-publish","format-standard","has-post-thumbnail","hentry","category-non-classifiee"],"yoast_head":"<!-- This site is optimized with the Yoast SEO plugin v27.4 - https:\/\/yoast.com\/product\/yoast-seo-wordpress\/ -->\n<title>Fracture du radius : immobilisation, op\u00e9ration et r\u00e9\u00e9ducation<\/title>\n<meta name=\"description\" content=\"D\u00e9couvrez les \u00e9tapes de l&#039;immobilisation, de l&#039;op\u00e9ration et de la r\u00e9\u00e9ducation apr\u00e8s une fracture du radius.\" \/>\n<meta name=\"robots\" content=\"index, follow, max-snippet:-1, max-image-preview:large, max-video-preview:-1\" \/>\n<link rel=\"canonical\" href=\"https:\/\/drbenoitbenoit.com\/fr\/fracture-du-radius\/\" \/>\n<meta property=\"og:locale\" content=\"fr_CA\" \/>\n<meta property=\"og:type\" content=\"article\" \/>\n<meta property=\"og:title\" content=\"Fracture du radius : immobilisation, op\u00e9ration et r\u00e9\u00e9ducation\" \/>\n<meta property=\"og:description\" content=\"D\u00e9couvrez les \u00e9tapes de l&#039;immobilisation, de l&#039;op\u00e9ration et de la r\u00e9\u00e9ducation apr\u00e8s une fracture du radius.\" \/>\n<meta property=\"og:url\" content=\"https:\/\/drbenoitbenoit.com\/fr\/fracture-du-radius\/\" \/>\n<meta property=\"og:site_name\" content=\"Dr. Benoit Benoit - Chirurgien Orthop\u00e9dique\" \/>\n<meta property=\"article:published_time\" content=\"2025-09-19T13:53:45+00:00\" \/>\n<meta property=\"og:image\" content=\"https:\/\/drbenoitbenoit.com\/wp-content\/uploads\/2025\/09\/fracture-du-radius.webp\" \/>\n\t<meta property=\"og:image:width\" content=\"1536\" \/>\n\t<meta property=\"og:image:height\" content=\"1024\" \/>\n\t<meta property=\"og:image:type\" content=\"image\/webp\" \/>\n<meta name=\"author\" content=\"Dr. Benoit Benoit\" \/>\n<meta name=\"twitter:card\" content=\"summary_large_image\" \/>\n<script type=\"application\/ld+json\" class=\"yoast-schema-graph\">{\"@context\":\"https:\\\/\\\/schema.org\",\"@graph\":[{\"@type\":\"Article\",\"@id\":\"https:\\\/\\\/drbenoitbenoit.com\\\/fr\\\/fracture-du-radius\\\/#article\",\"isPartOf\":{\"@id\":\"https:\\\/\\\/drbenoitbenoit.com\\\/fr\\\/fracture-du-radius\\\/\"},\"author\":{\"name\":\"Dr. Benoit Benoit\",\"@id\":\"https:\\\/\\\/drbenoitbenoit.com\\\/fr\\\/#\\\/schema\\\/person\\\/f4e3a1d27f8d1a269fd5f6d8a1813b5e\"},\"headline\":\"Fracture du radius : immobilisation, op\u00e9ration et r\u00e9\u00e9ducation\",\"datePublished\":\"2025-09-19T13:53:45+00:00\",\"mainEntityOfPage\":{\"@id\":\"https:\\\/\\\/drbenoitbenoit.com\\\/fr\\\/fracture-du-radius\\\/\"},\"wordCount\":901,\"publisher\":{\"@id\":\"https:\\\/\\\/drbenoitbenoit.com\\\/fr\\\/#organization\"},\"image\":{\"@id\":\"https:\\\/\\\/drbenoitbenoit.com\\\/fr\\\/fracture-du-radius\\\/#primaryimage\"},\"thumbnailUrl\":\"https:\\\/\\\/drbenoitbenoit.com\\\/wp-content\\\/uploads\\\/2025\\\/09\\\/fracture-du-radius.webp\",\"articleSection\":[\"Non classifi\u00e9(e)\"],\"inLanguage\":\"fr-CA\"},{\"@type\":[\"WebPage\",\"FAQPage\"],\"@id\":\"https:\\\/\\\/drbenoitbenoit.com\\\/fr\\\/fracture-du-radius\\\/\",\"url\":\"https:\\\/\\\/drbenoitbenoit.com\\\/fr\\\/fracture-du-radius\\\/\",\"name\":\"Fracture du radius : immobilisation, op\u00e9ration et r\u00e9\u00e9ducation\",\"isPartOf\":{\"@id\":\"https:\\\/\\\/drbenoitbenoit.com\\\/fr\\\/#website\"},\"primaryImageOfPage\":{\"@id\":\"https:\\\/\\\/drbenoitbenoit.com\\\/fr\\\/fracture-du-radius\\\/#primaryimage\"},\"image\":{\"@id\":\"https:\\\/\\\/drbenoitbenoit.com\\\/fr\\\/fracture-du-radius\\\/#primaryimage\"},\"thumbnailUrl\":\"https:\\\/\\\/drbenoitbenoit.com\\\/wp-content\\\/uploads\\\/2025\\\/09\\\/fracture-du-radius.webp\",\"datePublished\":\"2025-09-19T13:53:45+00:00\",\"description\":\"D\u00e9couvrez les \u00e9tapes de l'immobilisation, de l'op\u00e9ration et de la r\u00e9\u00e9ducation apr\u00e8s une fracture du radius.\",\"breadcrumb\":{\"@id\":\"https:\\\/\\\/drbenoitbenoit.com\\\/fr\\\/fracture-du-radius\\\/#breadcrumb\"},\"mainEntity\":[{\"@id\":\"https:\\\/\\\/drbenoitbenoit.com\\\/fr\\\/fracture-du-radius\\\/#faq-question-1758030849333\"},{\"@id\":\"https:\\\/\\\/drbenoitbenoit.com\\\/fr\\\/fracture-du-radius\\\/#faq-question-1758030861097\"},{\"@id\":\"https:\\\/\\\/drbenoitbenoit.com\\\/fr\\\/fracture-du-radius\\\/#faq-question-1758030872337\"},{\"@id\":\"https:\\\/\\\/drbenoitbenoit.com\\\/fr\\\/fracture-du-radius\\\/#faq-question-1758030882929\"}],\"inLanguage\":\"fr-CA\",\"potentialAction\":[{\"@type\":\"ReadAction\",\"target\":[\"https:\\\/\\\/drbenoitbenoit.com\\\/fr\\\/fracture-du-radius\\\/\"]}]},{\"@type\":\"ImageObject\",\"inLanguage\":\"fr-CA\",\"@id\":\"https:\\\/\\\/drbenoitbenoit.com\\\/fr\\\/fracture-du-radius\\\/#primaryimage\",\"url\":\"https:\\\/\\\/drbenoitbenoit.com\\\/wp-content\\\/uploads\\\/2025\\\/09\\\/fracture-du-radius.webp\",\"contentUrl\":\"https:\\\/\\\/drbenoitbenoit.com\\\/wp-content\\\/uploads\\\/2025\\\/09\\\/fracture-du-radius.webp\",\"width\":1536,\"height\":1024,\"caption\":\"fracture du radius\"},{\"@type\":\"BreadcrumbList\",\"@id\":\"https:\\\/\\\/drbenoitbenoit.com\\\/fr\\\/fracture-du-radius\\\/#breadcrumb\",\"itemListElement\":[{\"@type\":\"ListItem\",\"position\":1,\"name\":\"Accueil\",\"item\":\"https:\\\/\\\/drbenoitbenoit.com\\\/fr\\\/\"},{\"@type\":\"ListItem\",\"position\":2,\"name\":\"Fracture du radius : immobilisation, op\u00e9ration et r\u00e9\u00e9ducation\"}]},{\"@type\":\"WebSite\",\"@id\":\"https:\\\/\\\/drbenoitbenoit.com\\\/fr\\\/#website\",\"url\":\"https:\\\/\\\/drbenoitbenoit.com\\\/fr\\\/\",\"name\":\"Dr. Benoit Benoit - Chirurgien Orthop\u00e9dique\",\"description\":\"\",\"publisher\":{\"@id\":\"https:\\\/\\\/drbenoitbenoit.com\\\/fr\\\/#organization\"},\"potentialAction\":[{\"@type\":\"SearchAction\",\"target\":{\"@type\":\"EntryPoint\",\"urlTemplate\":\"https:\\\/\\\/drbenoitbenoit.com\\\/fr\\\/?s={search_term_string}\"},\"query-input\":{\"@type\":\"PropertyValueSpecification\",\"valueRequired\":true,\"valueName\":\"search_term_string\"}}],\"inLanguage\":\"fr-CA\"},{\"@type\":\"Organization\",\"@id\":\"https:\\\/\\\/drbenoitbenoit.com\\\/fr\\\/#organization\",\"name\":\"Dr Benoit Benoit\",\"url\":\"https:\\\/\\\/drbenoitbenoit.com\\\/fr\\\/\",\"logo\":{\"@type\":\"ImageObject\",\"inLanguage\":\"fr-CA\",\"@id\":\"https:\\\/\\\/drbenoitbenoit.com\\\/fr\\\/#\\\/schema\\\/logo\\\/image\\\/\",\"url\":\"https:\\\/\\\/drbenoitbenoit.com\\\/wp-content\\\/uploads\\\/2022\\\/04\\\/cropped-Favicon-Dr-Benoit_2022-1.png\",\"contentUrl\":\"https:\\\/\\\/drbenoitbenoit.com\\\/wp-content\\\/uploads\\\/2022\\\/04\\\/cropped-Favicon-Dr-Benoit_2022-1.png\",\"width\":512,\"height\":512,\"caption\":\"Dr Benoit Benoit\"},\"image\":{\"@id\":\"https:\\\/\\\/drbenoitbenoit.com\\\/fr\\\/#\\\/schema\\\/logo\\\/image\\\/\"}},{\"@type\":\"Person\",\"@id\":\"https:\\\/\\\/drbenoitbenoit.com\\\/fr\\\/#\\\/schema\\\/person\\\/f4e3a1d27f8d1a269fd5f6d8a1813b5e\",\"name\":\"Dr. Benoit Benoit\",\"description\":\"Dr. Benoit is an assistant professor of surgery at the\u00a0Universit\u00e9 de Montr\u00e9al\u00a0and\u00a0practices at the\u00a0CIUSSS Nord-de-l\u2019\u00eele de Montr\u00e9al. He completed his medical degree at\u00a0Universit\u00e9 Laval\u00a0in Quebec City in 2001 and did his orthopedic residency at the\u00a0Universit\u00e9 de Montreal, where he was on the Dean\u2019s honour list. Following his residency, he completed two additional years of fellowship training; the first year in Geneva, Switzerland and the second year in Ottawa, Canada.\",\"sameAs\":[\"http:\\\/\\\/www.medicalplus.io\\\/\"]},{\"@type\":\"Question\",\"@id\":\"https:\\\/\\\/drbenoitbenoit.com\\\/fr\\\/fracture-du-radius\\\/#faq-question-1758030849333\",\"position\":1,\"url\":\"https:\\\/\\\/drbenoitbenoit.com\\\/fr\\\/fracture-du-radius\\\/#faq-question-1758030849333\",\"name\":\"Quelles sont les causes d'une fracture du radius ?\",\"answerCount\":1,\"acceptedAnswer\":{\"@type\":\"Answer\",\"text\":\"Les fractures du radius surviennent g\u00e9n\u00e9ralement \u00e0 la suite d'une chute, d'un accident de sport ou d'un traumatisme direct au bras.\",\"inLanguage\":\"fr-CA\"},\"inLanguage\":\"fr-CA\"},{\"@type\":\"Question\",\"@id\":\"https:\\\/\\\/drbenoitbenoit.com\\\/fr\\\/fracture-du-radius\\\/#faq-question-1758030861097\",\"position\":2,\"url\":\"https:\\\/\\\/drbenoitbenoit.com\\\/fr\\\/fracture-du-radius\\\/#faq-question-1758030861097\",\"name\":\"Quels sont les sympt\u00f4mes d'une fracture du radius ?\",\"answerCount\":1,\"acceptedAnswer\":{\"@type\":\"Answer\",\"text\":\"Les sympt\u00f4mes incluent douleur intense, gonflement, d\u00e9formation visible et incapacit\u00e9 \u00e0 bouger le bras ou le poignet.\",\"inLanguage\":\"fr-CA\"},\"inLanguage\":\"fr-CA\"},{\"@type\":\"Question\",\"@id\":\"https:\\\/\\\/drbenoitbenoit.com\\\/fr\\\/fracture-du-radius\\\/#faq-question-1758030872337\",\"position\":3,\"url\":\"https:\\\/\\\/drbenoitbenoit.com\\\/fr\\\/fracture-du-radius\\\/#faq-question-1758030872337\",\"name\":\"Comment se d\u00e9roule le traitement d'une fracture du radius ?\",\"answerCount\":1,\"acceptedAnswer\":{\"@type\":\"Answer\",\"text\":\"Le traitement peut inclure l'immobilisation par pl\u00e2tre, une intervention chirurgicale si n\u00e9cessaire, et une r\u00e9\u00e9ducation pour restaurer la fonction.\",\"inLanguage\":\"fr-CA\"},\"inLanguage\":\"fr-CA\"},{\"@type\":\"Question\",\"@id\":\"https:\\\/\\\/drbenoitbenoit.com\\\/fr\\\/fracture-du-radius\\\/#faq-question-1758030882929\",\"position\":4,\"url\":\"https:\\\/\\\/drbenoitbenoit.com\\\/fr\\\/fracture-du-radius\\\/#faq-question-1758030882929\",\"name\":\"Combien de temps faut-il pour gu\u00e9rir d'une fracture du radius ?\",\"answerCount\":1,\"acceptedAnswer\":{\"@type\":\"Answer\",\"text\":\"La gu\u00e9rison peut prendre de 4 \u00e0 8 semaines, selon la gravit\u00e9 de la fracture et le traitement suivi.\",\"inLanguage\":\"fr-CA\"},\"inLanguage\":\"fr-CA\"}]}<\/script>\n<!-- \/ Yoast SEO plugin. -->","yoast_head_json":{"title":"Fracture du radius : immobilisation, op\u00e9ration et r\u00e9\u00e9ducation","description":"D\u00e9couvrez les \u00e9tapes de l'immobilisation, de l'op\u00e9ration et de la r\u00e9\u00e9ducation apr\u00e8s une fracture du radius.","robots":{"index":"index","follow":"follow","max-snippet":"max-snippet:-1","max-image-preview":"max-image-preview:large","max-video-preview":"max-video-preview:-1"},"canonical":"https:\/\/drbenoitbenoit.com\/fr\/fracture-du-radius\/","og_locale":"fr_CA","og_type":"article","og_title":"Fracture du radius : immobilisation, op\u00e9ration et r\u00e9\u00e9ducation","og_description":"D\u00e9couvrez les \u00e9tapes de l'immobilisation, de l'op\u00e9ration et de la r\u00e9\u00e9ducation apr\u00e8s une fracture du radius.","og_url":"https:\/\/drbenoitbenoit.com\/fr\/fracture-du-radius\/","og_site_name":"Dr. Benoit Benoit - Chirurgien Orthop\u00e9dique","article_published_time":"2025-09-19T13:53:45+00:00","og_image":[{"width":1536,"height":1024,"url":"https:\/\/drbenoitbenoit.com\/wp-content\/uploads\/2025\/09\/fracture-du-radius.webp","type":"image\/webp"}],"author":"Dr. Benoit Benoit","twitter_card":"summary_large_image","schema":{"@context":"https:\/\/schema.org","@graph":[{"@type":"Article","@id":"https:\/\/drbenoitbenoit.com\/fr\/fracture-du-radius\/#article","isPartOf":{"@id":"https:\/\/drbenoitbenoit.com\/fr\/fracture-du-radius\/"},"author":{"name":"Dr. Benoit Benoit","@id":"https:\/\/drbenoitbenoit.com\/fr\/#\/schema\/person\/f4e3a1d27f8d1a269fd5f6d8a1813b5e"},"headline":"Fracture du radius : immobilisation, op\u00e9ration et r\u00e9\u00e9ducation","datePublished":"2025-09-19T13:53:45+00:00","mainEntityOfPage":{"@id":"https:\/\/drbenoitbenoit.com\/fr\/fracture-du-radius\/"},"wordCount":901,"publisher":{"@id":"https:\/\/drbenoitbenoit.com\/fr\/#organization"},"image":{"@id":"https:\/\/drbenoitbenoit.com\/fr\/fracture-du-radius\/#primaryimage"},"thumbnailUrl":"https:\/\/drbenoitbenoit.com\/wp-content\/uploads\/2025\/09\/fracture-du-radius.webp","articleSection":["Non classifi\u00e9(e)"],"inLanguage":"fr-CA"},{"@type":["WebPage","FAQPage"],"@id":"https:\/\/drbenoitbenoit.com\/fr\/fracture-du-radius\/","url":"https:\/\/drbenoitbenoit.com\/fr\/fracture-du-radius\/","name":"Fracture du radius : immobilisation, op\u00e9ration et r\u00e9\u00e9ducation","isPartOf":{"@id":"https:\/\/drbenoitbenoit.com\/fr\/#website"},"primaryImageOfPage":{"@id":"https:\/\/drbenoitbenoit.com\/fr\/fracture-du-radius\/#primaryimage"},"image":{"@id":"https:\/\/drbenoitbenoit.com\/fr\/fracture-du-radius\/#primaryimage"},"thumbnailUrl":"https:\/\/drbenoitbenoit.com\/wp-content\/uploads\/2025\/09\/fracture-du-radius.webp","datePublished":"2025-09-19T13:53:45+00:00","description":"D\u00e9couvrez les \u00e9tapes de l'immobilisation, de l'op\u00e9ration et de la r\u00e9\u00e9ducation apr\u00e8s une fracture du radius.","breadcrumb":{"@id":"https:\/\/drbenoitbenoit.com\/fr\/fracture-du-radius\/#breadcrumb"},"mainEntity":[{"@id":"https:\/\/drbenoitbenoit.com\/fr\/fracture-du-radius\/#faq-question-1758030849333"},{"@id":"https:\/\/drbenoitbenoit.com\/fr\/fracture-du-radius\/#faq-question-1758030861097"},{"@id":"https:\/\/drbenoitbenoit.com\/fr\/fracture-du-radius\/#faq-question-1758030872337"},{"@id":"https:\/\/drbenoitbenoit.com\/fr\/fracture-du-radius\/#faq-question-1758030882929"}],"inLanguage":"fr-CA","potentialAction":[{"@type":"ReadAction","target":["https:\/\/drbenoitbenoit.com\/fr\/fracture-du-radius\/"]}]},{"@type":"ImageObject","inLanguage":"fr-CA","@id":"https:\/\/drbenoitbenoit.com\/fr\/fracture-du-radius\/#primaryimage","url":"https:\/\/drbenoitbenoit.com\/wp-content\/uploads\/2025\/09\/fracture-du-radius.webp","contentUrl":"https:\/\/drbenoitbenoit.com\/wp-content\/uploads\/2025\/09\/fracture-du-radius.webp","width":1536,"height":1024,"caption":"fracture du radius"},{"@type":"BreadcrumbList","@id":"https:\/\/drbenoitbenoit.com\/fr\/fracture-du-radius\/#breadcrumb","itemListElement":[{"@type":"ListItem","position":1,"name":"Accueil","item":"https:\/\/drbenoitbenoit.com\/fr\/"},{"@type":"ListItem","position":2,"name":"Fracture du radius : immobilisation, op\u00e9ration et r\u00e9\u00e9ducation"}]},{"@type":"WebSite","@id":"https:\/\/drbenoitbenoit.com\/fr\/#website","url":"https:\/\/drbenoitbenoit.com\/fr\/","name":"Dr. Benoit Benoit - Chirurgien Orthop\u00e9dique","description":"","publisher":{"@id":"https:\/\/drbenoitbenoit.com\/fr\/#organization"},"potentialAction":[{"@type":"SearchAction","target":{"@type":"EntryPoint","urlTemplate":"https:\/\/drbenoitbenoit.com\/fr\/?s={search_term_string}"},"query-input":{"@type":"PropertyValueSpecification","valueRequired":true,"valueName":"search_term_string"}}],"inLanguage":"fr-CA"},{"@type":"Organization","@id":"https:\/\/drbenoitbenoit.com\/fr\/#organization","name":"Dr Benoit Benoit","url":"https:\/\/drbenoitbenoit.com\/fr\/","logo":{"@type":"ImageObject","inLanguage":"fr-CA","@id":"https:\/\/drbenoitbenoit.com\/fr\/#\/schema\/logo\/image\/","url":"https:\/\/drbenoitbenoit.com\/wp-content\/uploads\/2022\/04\/cropped-Favicon-Dr-Benoit_2022-1.png","contentUrl":"https:\/\/drbenoitbenoit.com\/wp-content\/uploads\/2022\/04\/cropped-Favicon-Dr-Benoit_2022-1.png","width":512,"height":512,"caption":"Dr Benoit Benoit"},"image":{"@id":"https:\/\/drbenoitbenoit.com\/fr\/#\/schema\/logo\/image\/"}},{"@type":"Person","@id":"https:\/\/drbenoitbenoit.com\/fr\/#\/schema\/person\/f4e3a1d27f8d1a269fd5f6d8a1813b5e","name":"Dr. Benoit Benoit","description":"Dr. Benoit is an assistant professor of surgery at the\u00a0Universit\u00e9 de Montr\u00e9al\u00a0and\u00a0practices at the\u00a0CIUSSS Nord-de-l\u2019\u00eele de Montr\u00e9al. He completed his medical degree at\u00a0Universit\u00e9 Laval\u00a0in Quebec City in 2001 and did his orthopedic residency at the\u00a0Universit\u00e9 de Montreal, where he was on the Dean\u2019s honour list. Following his residency, he completed two additional years of fellowship training; the first year in Geneva, Switzerland and the second year in Ottawa, Canada.","sameAs":["http:\/\/www.medicalplus.io\/"]},{"@type":"Question","@id":"https:\/\/drbenoitbenoit.com\/fr\/fracture-du-radius\/#faq-question-1758030849333","position":1,"url":"https:\/\/drbenoitbenoit.com\/fr\/fracture-du-radius\/#faq-question-1758030849333","name":"Quelles sont les causes d'une fracture du radius ?","answerCount":1,"acceptedAnswer":{"@type":"Answer","text":"Les fractures du radius surviennent g\u00e9n\u00e9ralement \u00e0 la suite d'une chute, d'un accident de sport ou d'un traumatisme direct au bras.","inLanguage":"fr-CA"},"inLanguage":"fr-CA"},{"@type":"Question","@id":"https:\/\/drbenoitbenoit.com\/fr\/fracture-du-radius\/#faq-question-1758030861097","position":2,"url":"https:\/\/drbenoitbenoit.com\/fr\/fracture-du-radius\/#faq-question-1758030861097","name":"Quels sont les sympt\u00f4mes d'une fracture du radius ?","answerCount":1,"acceptedAnswer":{"@type":"Answer","text":"Les sympt\u00f4mes incluent douleur intense, gonflement, d\u00e9formation visible et incapacit\u00e9 \u00e0 bouger le bras ou le poignet.","inLanguage":"fr-CA"},"inLanguage":"fr-CA"},{"@type":"Question","@id":"https:\/\/drbenoitbenoit.com\/fr\/fracture-du-radius\/#faq-question-1758030872337","position":3,"url":"https:\/\/drbenoitbenoit.com\/fr\/fracture-du-radius\/#faq-question-1758030872337","name":"Comment se d\u00e9roule le traitement d'une fracture du radius ?","answerCount":1,"acceptedAnswer":{"@type":"Answer","text":"Le traitement peut inclure l'immobilisation par pl\u00e2tre, une intervention chirurgicale si n\u00e9cessaire, et une r\u00e9\u00e9ducation pour restaurer la fonction.","inLanguage":"fr-CA"},"inLanguage":"fr-CA"},{"@type":"Question","@id":"https:\/\/drbenoitbenoit.com\/fr\/fracture-du-radius\/#faq-question-1758030882929","position":4,"url":"https:\/\/drbenoitbenoit.com\/fr\/fracture-du-radius\/#faq-question-1758030882929","name":"Combien de temps faut-il pour gu\u00e9rir d'une fracture du radius ?","answerCount":1,"acceptedAnswer":{"@type":"Answer","text":"La gu\u00e9rison peut prendre de 4 \u00e0 8 semaines, selon la gravit\u00e9 de la fracture et le traitement suivi.","inLanguage":"fr-CA"},"inLanguage":"fr-CA"}]}},"_links":{"self":[{"href":"https:\/\/drbenoitbenoit.com\/fr\/wp-json\/wp\/v2\/posts\/11345","targetHints":{"allow":["GET"]}}],"collection":[{"href":"https:\/\/drbenoitbenoit.com\/fr\/wp-json\/wp\/v2\/posts"}],"about":[{"href":"https:\/\/drbenoitbenoit.com\/fr\/wp-json\/wp\/v2\/types\/post"}],"author":[{"embeddable":true,"href":"https:\/\/drbenoitbenoit.com\/fr\/wp-json\/wp\/v2\/users\/990069"}],"replies":[{"embeddable":true,"href":"https:\/\/drbenoitbenoit.com\/fr\/wp-json\/wp\/v2\/comments?post=11345"}],"version-history":[{"count":2,"href":"https:\/\/drbenoitbenoit.com\/fr\/wp-json\/wp\/v2\/posts\/11345\/revisions"}],"predecessor-version":[{"id":11349,"href":"https:\/\/drbenoitbenoit.com\/fr\/wp-json\/wp\/v2\/posts\/11345\/revisions\/11349"}],"wp:featuredmedia":[{"embeddable":true,"href":"https:\/\/drbenoitbenoit.com\/fr\/wp-json\/wp\/v2\/media\/11346"}],"wp:attachment":[{"href":"https:\/\/drbenoitbenoit.com\/fr\/wp-json\/wp\/v2\/media?parent=11345"}],"wp:term":[{"taxonomy":"category","embeddable":true,"href":"https:\/\/drbenoitbenoit.com\/fr\/wp-json\/wp\/v2\/categories?post=11345"},{"taxonomy":"post_tag","embeddable":true,"href":"https:\/\/drbenoitbenoit.com\/fr\/wp-json\/wp\/v2\/tags?post=11345"}],"curies":[{"name":"wp","href":"https:\/\/api.w.org\/{rel}","templated":true}]}}