{"id":11340,"date":"2025-09-16T13:53:24","date_gmt":"2025-09-16T13:53:24","guid":{"rendered":"https:\/\/drbenoitbenoit.com\/?p=11340"},"modified":"2025-09-16T13:53:26","modified_gmt":"2025-09-16T13:53:26","slug":"fracture-du-cubitus","status":"publish","type":"post","link":"https:\/\/drbenoitbenoit.com\/fr\/fracture-du-cubitus\/","title":{"rendered":"Fracture du cubitus : comment se d\u00e9roule le traitement orthop\u00e9dique ?"},"content":{"rendered":"\n<p>La <strong>fracture du cubitus<\/strong> est une blessure fr\u00e9quente, souvent caus\u00e9e par une chute ou un traumatisme direct au niveau du coude. Elle peut provoquer des douleurs intenses, une incapacit\u00e9 \u00e0 bouger le bras et des complications si elle n&rsquo;est pas trait\u00e9e correctement. Dans cet article, nous allons explorer en d\u00e9tail le processus de traitement orthop\u00e9dique de cette fracture, y compris les diff\u00e9rentes options disponibles et les \u00e9tapes de la r\u00e9habilitation.<\/p>\n\n\n\n<p>La fracture du cubitus, \u00e9galement connue sous le nom de fracture de l&rsquo;ulna, peut survenir \u00e0 diff\u00e9rents endroits de l&rsquo;os, notamment au niveau du coude ou du poignet. Le traitement de cette blessure d\u00e9pend de plusieurs facteurs, tels que la gravit\u00e9 de la fracture, l&rsquo;\u00e2ge du patient et son niveau d&rsquo;activit\u00e9. <a href=\"https:\/\/drbenoitbenoit.com\/fr\/traumatologie\/\">Cliquez ici pour d\u00e9couvrir les solutions possibles<\/a>.<\/p>\n\n\n\n<h2 class=\"wp-block-heading\"><strong>Diagnostic de la fracture du cubitus<\/strong><\/h2>\n\n\n\n<p>Le diagnostic d&rsquo;une fracture du cubitus commence g\u00e9n\u00e9ralement par un examen physique r\u00e9alis\u00e9 par un m\u00e9decin. Ce dernier \u00e9valuera la douleur, l&rsquo;enflure et la mobilit\u00e9 du coude et du poignet. Des examens d&rsquo;imagerie, tels que des radiographies, sont souvent n\u00e9cessaires pour confirmer la pr\u00e9sence d&rsquo;une fracture et d\u00e9terminer son type et sa localisation.<\/p>\n\n\n\n<h2 class=\"wp-block-heading\"><strong>Options de traitement orthop\u00e9dique<\/strong><\/h2>\n\n\n\n<h3 class=\"wp-block-heading\"><strong>Traitement conservateur<\/strong><\/h3>\n\n\n\n<p>Dans de nombreux cas, une fracture du cubitus peut \u00eatre trait\u00e9e de mani\u00e8re conservatrice. Cela implique g\u00e9n\u00e9ralement :<\/p>\n\n\n\n<ul class=\"wp-block-list\">\n<li><strong>Immobilisation :<\/strong> Le bras est immobilis\u00e9 \u00e0 l&rsquo;aide d&rsquo;une attelle ou d&rsquo;un pl\u00e2tre pour \u00e9viter tout mouvement qui pourrait aggraver la blessure.<\/li>\n\n\n\n<li><strong>Gestion de la douleur :<\/strong> Des analg\u00e9siques peuvent \u00eatre prescrits pour soulager la douleur et l&rsquo;inconfort.<\/li>\n\n\n\n<li><strong>Repos :<\/strong> Il est crucial de laisser le temps \u00e0 l&rsquo;os de gu\u00e9rir, ce qui implique d&rsquo;\u00e9viter les activit\u00e9s physiques qui pourraient solliciter le bras.<\/li>\n<\/ul>\n\n\n\n<h3 class=\"wp-block-heading\"><strong>Intervention chirurgicale<\/strong><\/h3>\n\n\n\n<p>Dans les cas plus graves, o\u00f9 la fracture est d\u00e9plac\u00e9e ou complexe, une intervention chirurgicale peut \u00eatre n\u00e9cessaire. Les proc\u00e9dures chirurgicales peuvent inclure :<\/p>\n\n\n\n<ul class=\"wp-block-list\">\n<li><strong>R\u00e9duction ouverte et fixation interne (ROFI) :<\/strong> Cette technique consiste \u00e0 r\u00e9aligner les fragments osseux et \u00e0 les fixer en place \u00e0 l&rsquo;aide de plaques et de vis.<\/li>\n\n\n\n<li><strong>Fixateurs externes :<\/strong> Dans certains cas, un fixateur externe peut \u00eatre utilis\u00e9 pour stabiliser l&rsquo;os pendant la gu\u00e9rison.<\/li>\n<\/ul>\n\n\n\n<h2 class=\"wp-block-heading\"><strong>R\u00e9habilitation apr\u00e8s traitement<\/strong><\/h2>\n\n\n\n<p>Une fois que la fracture du cubitus a \u00e9t\u00e9 trait\u00e9e, la r\u00e9habilitation est essentielle pour retrouver une pleine fonction du bras. Le programme de r\u00e9habilitation peut inclure :<\/p>\n\n\n\n<ul class=\"wp-block-list\">\n<li><strong>Physioth\u00e9rapie :<\/strong> Des exercices sp\u00e9cifiques aideront \u00e0 renforcer les muscles autour du coude et \u00e0 am\u00e9liorer la mobilit\u00e9.<\/li>\n\n\n\n<li><strong>Exercices de flexibilit\u00e9 :<\/strong> Ces exercices sont cruciaux pour restaurer l&rsquo;amplitude de mouvement du coude et du poignet.<\/li>\n\n\n\n<li><strong>Suivi m\u00e9dical :<\/strong> Des consultations r\u00e9guli\u00e8res avec un m\u00e9decin ou un sp\u00e9cialiste en orthop\u00e9die permettront de suivre la progression de la gu\u00e9rison.<\/li>\n<\/ul>\n\n\n\n<h2 class=\"wp-block-heading\"><strong>Complications possibles<\/strong><\/h2>\n\n\n\n<p>Bien que la plupart des fractures du cubitus gu\u00e9rissent bien avec un traitement appropri\u00e9, certaines complications peuvent survenir, notamment :<\/p>\n\n\n\n<ul class=\"wp-block-list\">\n<li><strong>Non-union :<\/strong> Dans certains cas, l&rsquo;os peut ne pas gu\u00e9rir correctement, n\u00e9cessitant des interventions suppl\u00e9mentaires.<\/li>\n\n\n\n<li><strong>Raideur :<\/strong> La raideur articulaire peut survenir, rendant difficile le mouvement du coude et du poignet.<\/li>\n\n\n\n<li><strong>Infection :<\/strong> Comme pour toute intervention chirurgicale, il existe un risque d&rsquo;infection, surtout si une chirurgie a \u00e9t\u00e9 r\u00e9alis\u00e9e.<\/li>\n<\/ul>\n\n\n\n<h2 class=\"wp-block-heading\"><strong>Conclusion<\/strong><\/h2>\n\n\n\n<p>Le traitement orthop\u00e9dique de la <strong>fracture du cubitus<\/strong> est un processus qui peut varier consid\u00e9rablement en fonction de la gravit\u00e9 de la blessure. Que ce soit par des m\u00e9thodes conservatrices ou chirurgicales, il est essentiel de suivre les recommandations de votre m\u00e9decin et de participer activement \u00e0 votre r\u00e9habilitation. Si vous ressentez une douleur persistante ou si vous avez des questions concernant votre \u00e9tat, n&rsquo;h\u00e9sitez pas \u00e0 consulter un professionnel de la sant\u00e9.<\/p>\n\n\n\n<p>Medical Disclaimer<\/p>\n\n\n\n<p>Les informations fournies dans cet article sont \u00e0 titre informatif seulement et ne doivent pas \u00eatre consid\u00e9r\u00e9es comme un substitut \u00e0 des conseils m\u00e9dicaux professionnels, un diagnostic ou un traitement. Consultez toujours votre m\u00e9decin ou un autre professionnel de sant\u00e9 qualifi\u00e9 pour toute question que vous pourriez avoir concernant une condition m\u00e9dicale ou un traitement. Ne n\u00e9gligez jamais les conseils m\u00e9dicaux professionnels ou ne tardez pas \u00e0 les demander \u00e0 cause de quelque chose que vous avez lu dans cet article.<\/p>\n\n\n\n<p>Si la douleur persiste, n\u2019h\u00e9sitez pas \u00e0 consulter un sp\u00e9cialiste pour un suivi appropri\u00e9.<\/p>\n\n\n\n<p><strong>FAQ<\/strong><\/p>\n\n\n\n<div class=\"schema-faq wp-block-yoast-faq-block\"><div class=\"schema-faq-section\" id=\"faq-question-1758030564636\"><strong class=\"schema-faq-question\"><strong>Quelles sont les causes courantes de la fracture du cubitus ?<\/strong><\/strong> <p class=\"schema-faq-answer\">Les fractures du cubitus surviennent souvent \u00e0 la suite de chutes, d&rsquo;accidents sportifs ou de traumatismes directs au bras.<\/p> <\/div> <div class=\"schema-faq-section\" id=\"faq-question-1758030583278\"><strong class=\"schema-faq-question\"><strong>Quels sont les sympt\u00f4mes d&rsquo;une fracture du cubitus ?<\/strong><\/strong> <p class=\"schema-faq-answer\">Les sympt\u00f4mes incluent une douleur intense, un gonflement, des ecchymoses et une difficult\u00e9 \u00e0 bouger le bras.<\/p> <\/div> <div class=\"schema-faq-section\" id=\"faq-question-1758030601229\"><strong class=\"schema-faq-question\"><strong>Combien de temps faut-il pour gu\u00e9rir d&rsquo;une fracture du cubitus ?<\/strong><\/strong> <p class=\"schema-faq-answer\">La gu\u00e9rison peut prendre de 6 \u00e0 12 semaines, selon la gravit\u00e9 de la fracture et le traitement appliqu\u00e9.<\/p> <\/div> <div class=\"schema-faq-section\" id=\"faq-question-1758030618085\"><strong class=\"schema-faq-question\"><strong>La physioth\u00e9rapie est-elle n\u00e9cessaire apr\u00e8s une fracture du cubitus ?<\/strong><\/strong> <p class=\"schema-faq-answer\">Oui, la physioth\u00e9rapie est souvent recommand\u00e9e pour aider \u00e0 restaurer la force et la mobilit\u00e9 du bras.<\/p> <\/div> <\/div>\n","protected":false},"excerpt":{"rendered":"<p>La fracture du cubitus est une blessure fr\u00e9quente, souvent caus\u00e9e par une chute ou un traumatisme direct au niveau du coude. Elle peut provoquer des douleurs intenses, une incapacit\u00e9 \u00e0 bouger le bras et des complications si elle n&rsquo;est pas trait\u00e9e correctement. Dans cet article, nous allons explorer en d\u00e9tail le processus de traitement orthop\u00e9dique [&hellip;]<\/p>\n","protected":false},"author":990069,"featured_media":11341,"comment_status":"closed","ping_status":"closed","sticky":false,"template":"","format":"standard","meta":{"footnotes":""},"categories":[1],"tags":[],"class_list":["post-11340","post","type-post","status-publish","format-standard","has-post-thumbnail","hentry","category-non-classifiee"],"yoast_head":"<!-- This site is optimized with the Yoast SEO plugin v27.4 - https:\/\/yoast.com\/product\/yoast-seo-wordpress\/ -->\n<title>Fracture du cubitus : comment se d\u00e9roule le traitement orthop\u00e9dique ?<\/title>\n<meta name=\"description\" content=\"D\u00e9couvrez comment se d\u00e9roule le traitement orthop\u00e9dique de la fracture du cubitus apr\u00e8s un traumatisme.\" \/>\n<meta name=\"robots\" content=\"index, follow, max-snippet:-1, max-image-preview:large, max-video-preview:-1\" \/>\n<link rel=\"canonical\" href=\"https:\/\/drbenoitbenoit.com\/fr\/fracture-du-cubitus\/\" \/>\n<meta property=\"og:locale\" content=\"fr_CA\" \/>\n<meta property=\"og:type\" content=\"article\" \/>\n<meta property=\"og:title\" content=\"Fracture du cubitus : comment se d\u00e9roule le traitement orthop\u00e9dique ?\" \/>\n<meta property=\"og:description\" content=\"D\u00e9couvrez comment se d\u00e9roule le traitement orthop\u00e9dique de la fracture du cubitus apr\u00e8s un traumatisme.\" \/>\n<meta property=\"og:url\" content=\"https:\/\/drbenoitbenoit.com\/fr\/fracture-du-cubitus\/\" \/>\n<meta property=\"og:site_name\" content=\"Dr. Benoit Benoit - Chirurgien Orthop\u00e9dique\" \/>\n<meta property=\"article:published_time\" content=\"2025-09-16T13:53:24+00:00\" \/>\n<meta property=\"article:modified_time\" content=\"2025-09-16T13:53:26+00:00\" \/>\n<meta property=\"og:image\" content=\"https:\/\/drbenoitbenoit.com\/wp-content\/uploads\/2025\/09\/fracture-du-cubitus.webp\" \/>\n\t<meta property=\"og:image:width\" content=\"1536\" \/>\n\t<meta property=\"og:image:height\" content=\"1024\" \/>\n\t<meta property=\"og:image:type\" content=\"image\/webp\" \/>\n<meta name=\"author\" content=\"Dr. Benoit Benoit\" \/>\n<meta name=\"twitter:card\" content=\"summary_large_image\" \/>\n<script type=\"application\/ld+json\" class=\"yoast-schema-graph\">{\"@context\":\"https:\\\/\\\/schema.org\",\"@graph\":[{\"@type\":\"Article\",\"@id\":\"https:\\\/\\\/drbenoitbenoit.com\\\/fr\\\/fracture-du-cubitus\\\/#article\",\"isPartOf\":{\"@id\":\"https:\\\/\\\/drbenoitbenoit.com\\\/fr\\\/fracture-du-cubitus\\\/\"},\"author\":{\"name\":\"Dr. Benoit Benoit\",\"@id\":\"https:\\\/\\\/drbenoitbenoit.com\\\/fr\\\/#\\\/schema\\\/person\\\/f4e3a1d27f8d1a269fd5f6d8a1813b5e\"},\"headline\":\"Fracture du cubitus : comment se d\u00e9roule le traitement orthop\u00e9dique ?\",\"datePublished\":\"2025-09-16T13:53:24+00:00\",\"dateModified\":\"2025-09-16T13:53:26+00:00\",\"mainEntityOfPage\":{\"@id\":\"https:\\\/\\\/drbenoitbenoit.com\\\/fr\\\/fracture-du-cubitus\\\/\"},\"wordCount\":865,\"publisher\":{\"@id\":\"https:\\\/\\\/drbenoitbenoit.com\\\/fr\\\/#organization\"},\"image\":{\"@id\":\"https:\\\/\\\/drbenoitbenoit.com\\\/fr\\\/fracture-du-cubitus\\\/#primaryimage\"},\"thumbnailUrl\":\"https:\\\/\\\/drbenoitbenoit.com\\\/wp-content\\\/uploads\\\/2025\\\/09\\\/fracture-du-cubitus.webp\",\"articleSection\":[\"Non classifi\u00e9(e)\"],\"inLanguage\":\"fr-CA\"},{\"@type\":[\"WebPage\",\"FAQPage\"],\"@id\":\"https:\\\/\\\/drbenoitbenoit.com\\\/fr\\\/fracture-du-cubitus\\\/\",\"url\":\"https:\\\/\\\/drbenoitbenoit.com\\\/fr\\\/fracture-du-cubitus\\\/\",\"name\":\"Fracture du cubitus : comment se d\u00e9roule le traitement orthop\u00e9dique ?\",\"isPartOf\":{\"@id\":\"https:\\\/\\\/drbenoitbenoit.com\\\/fr\\\/#website\"},\"primaryImageOfPage\":{\"@id\":\"https:\\\/\\\/drbenoitbenoit.com\\\/fr\\\/fracture-du-cubitus\\\/#primaryimage\"},\"image\":{\"@id\":\"https:\\\/\\\/drbenoitbenoit.com\\\/fr\\\/fracture-du-cubitus\\\/#primaryimage\"},\"thumbnailUrl\":\"https:\\\/\\\/drbenoitbenoit.com\\\/wp-content\\\/uploads\\\/2025\\\/09\\\/fracture-du-cubitus.webp\",\"datePublished\":\"2025-09-16T13:53:24+00:00\",\"dateModified\":\"2025-09-16T13:53:26+00:00\",\"description\":\"D\u00e9couvrez comment se d\u00e9roule le traitement orthop\u00e9dique de la fracture du cubitus apr\u00e8s un traumatisme.\",\"breadcrumb\":{\"@id\":\"https:\\\/\\\/drbenoitbenoit.com\\\/fr\\\/fracture-du-cubitus\\\/#breadcrumb\"},\"mainEntity\":[{\"@id\":\"https:\\\/\\\/drbenoitbenoit.com\\\/fr\\\/fracture-du-cubitus\\\/#faq-question-1758030564636\"},{\"@id\":\"https:\\\/\\\/drbenoitbenoit.com\\\/fr\\\/fracture-du-cubitus\\\/#faq-question-1758030583278\"},{\"@id\":\"https:\\\/\\\/drbenoitbenoit.com\\\/fr\\\/fracture-du-cubitus\\\/#faq-question-1758030601229\"},{\"@id\":\"https:\\\/\\\/drbenoitbenoit.com\\\/fr\\\/fracture-du-cubitus\\\/#faq-question-1758030618085\"}],\"inLanguage\":\"fr-CA\",\"potentialAction\":[{\"@type\":\"ReadAction\",\"target\":[\"https:\\\/\\\/drbenoitbenoit.com\\\/fr\\\/fracture-du-cubitus\\\/\"]}]},{\"@type\":\"ImageObject\",\"inLanguage\":\"fr-CA\",\"@id\":\"https:\\\/\\\/drbenoitbenoit.com\\\/fr\\\/fracture-du-cubitus\\\/#primaryimage\",\"url\":\"https:\\\/\\\/drbenoitbenoit.com\\\/wp-content\\\/uploads\\\/2025\\\/09\\\/fracture-du-cubitus.webp\",\"contentUrl\":\"https:\\\/\\\/drbenoitbenoit.com\\\/wp-content\\\/uploads\\\/2025\\\/09\\\/fracture-du-cubitus.webp\",\"width\":1536,\"height\":1024,\"caption\":\"fracture du cubitus\"},{\"@type\":\"BreadcrumbList\",\"@id\":\"https:\\\/\\\/drbenoitbenoit.com\\\/fr\\\/fracture-du-cubitus\\\/#breadcrumb\",\"itemListElement\":[{\"@type\":\"ListItem\",\"position\":1,\"name\":\"Accueil\",\"item\":\"https:\\\/\\\/drbenoitbenoit.com\\\/fr\\\/\"},{\"@type\":\"ListItem\",\"position\":2,\"name\":\"Fracture du cubitus : comment se d\u00e9roule le traitement orthop\u00e9dique ?\"}]},{\"@type\":\"WebSite\",\"@id\":\"https:\\\/\\\/drbenoitbenoit.com\\\/fr\\\/#website\",\"url\":\"https:\\\/\\\/drbenoitbenoit.com\\\/fr\\\/\",\"name\":\"Dr. Benoit Benoit - Chirurgien Orthop\u00e9dique\",\"description\":\"\",\"publisher\":{\"@id\":\"https:\\\/\\\/drbenoitbenoit.com\\\/fr\\\/#organization\"},\"potentialAction\":[{\"@type\":\"SearchAction\",\"target\":{\"@type\":\"EntryPoint\",\"urlTemplate\":\"https:\\\/\\\/drbenoitbenoit.com\\\/fr\\\/?s={search_term_string}\"},\"query-input\":{\"@type\":\"PropertyValueSpecification\",\"valueRequired\":true,\"valueName\":\"search_term_string\"}}],\"inLanguage\":\"fr-CA\"},{\"@type\":\"Organization\",\"@id\":\"https:\\\/\\\/drbenoitbenoit.com\\\/fr\\\/#organization\",\"name\":\"Dr Benoit Benoit\",\"url\":\"https:\\\/\\\/drbenoitbenoit.com\\\/fr\\\/\",\"logo\":{\"@type\":\"ImageObject\",\"inLanguage\":\"fr-CA\",\"@id\":\"https:\\\/\\\/drbenoitbenoit.com\\\/fr\\\/#\\\/schema\\\/logo\\\/image\\\/\",\"url\":\"https:\\\/\\\/drbenoitbenoit.com\\\/wp-content\\\/uploads\\\/2022\\\/04\\\/cropped-Favicon-Dr-Benoit_2022-1.png\",\"contentUrl\":\"https:\\\/\\\/drbenoitbenoit.com\\\/wp-content\\\/uploads\\\/2022\\\/04\\\/cropped-Favicon-Dr-Benoit_2022-1.png\",\"width\":512,\"height\":512,\"caption\":\"Dr Benoit Benoit\"},\"image\":{\"@id\":\"https:\\\/\\\/drbenoitbenoit.com\\\/fr\\\/#\\\/schema\\\/logo\\\/image\\\/\"}},{\"@type\":\"Person\",\"@id\":\"https:\\\/\\\/drbenoitbenoit.com\\\/fr\\\/#\\\/schema\\\/person\\\/f4e3a1d27f8d1a269fd5f6d8a1813b5e\",\"name\":\"Dr. Benoit Benoit\",\"description\":\"Dr. Benoit is an assistant professor of surgery at the\u00a0Universit\u00e9 de Montr\u00e9al\u00a0and\u00a0practices at the\u00a0CIUSSS Nord-de-l\u2019\u00eele de Montr\u00e9al. He completed his medical degree at\u00a0Universit\u00e9 Laval\u00a0in Quebec City in 2001 and did his orthopedic residency at the\u00a0Universit\u00e9 de Montreal, where he was on the Dean\u2019s honour list. Following his residency, he completed two additional years of fellowship training; the first year in Geneva, Switzerland and the second year in Ottawa, Canada.\",\"sameAs\":[\"http:\\\/\\\/www.medicalplus.io\\\/\"]},{\"@type\":\"Question\",\"@id\":\"https:\\\/\\\/drbenoitbenoit.com\\\/fr\\\/fracture-du-cubitus\\\/#faq-question-1758030564636\",\"position\":1,\"url\":\"https:\\\/\\\/drbenoitbenoit.com\\\/fr\\\/fracture-du-cubitus\\\/#faq-question-1758030564636\",\"name\":\"Quelles sont les causes courantes de la fracture du cubitus ?\",\"answerCount\":1,\"acceptedAnswer\":{\"@type\":\"Answer\",\"text\":\"Les fractures du cubitus surviennent souvent \u00e0 la suite de chutes, d'accidents sportifs ou de traumatismes directs au bras.\",\"inLanguage\":\"fr-CA\"},\"inLanguage\":\"fr-CA\"},{\"@type\":\"Question\",\"@id\":\"https:\\\/\\\/drbenoitbenoit.com\\\/fr\\\/fracture-du-cubitus\\\/#faq-question-1758030583278\",\"position\":2,\"url\":\"https:\\\/\\\/drbenoitbenoit.com\\\/fr\\\/fracture-du-cubitus\\\/#faq-question-1758030583278\",\"name\":\"Quels sont les sympt\u00f4mes d'une fracture du cubitus ?\",\"answerCount\":1,\"acceptedAnswer\":{\"@type\":\"Answer\",\"text\":\"Les sympt\u00f4mes incluent une douleur intense, un gonflement, des ecchymoses et une difficult\u00e9 \u00e0 bouger le bras.\",\"inLanguage\":\"fr-CA\"},\"inLanguage\":\"fr-CA\"},{\"@type\":\"Question\",\"@id\":\"https:\\\/\\\/drbenoitbenoit.com\\\/fr\\\/fracture-du-cubitus\\\/#faq-question-1758030601229\",\"position\":3,\"url\":\"https:\\\/\\\/drbenoitbenoit.com\\\/fr\\\/fracture-du-cubitus\\\/#faq-question-1758030601229\",\"name\":\"Combien de temps faut-il pour gu\u00e9rir d'une fracture du cubitus ?\",\"answerCount\":1,\"acceptedAnswer\":{\"@type\":\"Answer\",\"text\":\"La gu\u00e9rison peut prendre de 6 \u00e0 12 semaines, selon la gravit\u00e9 de la fracture et le traitement appliqu\u00e9.\",\"inLanguage\":\"fr-CA\"},\"inLanguage\":\"fr-CA\"},{\"@type\":\"Question\",\"@id\":\"https:\\\/\\\/drbenoitbenoit.com\\\/fr\\\/fracture-du-cubitus\\\/#faq-question-1758030618085\",\"position\":4,\"url\":\"https:\\\/\\\/drbenoitbenoit.com\\\/fr\\\/fracture-du-cubitus\\\/#faq-question-1758030618085\",\"name\":\"La physioth\u00e9rapie est-elle n\u00e9cessaire apr\u00e8s une fracture du cubitus ?\",\"answerCount\":1,\"acceptedAnswer\":{\"@type\":\"Answer\",\"text\":\"Oui, la physioth\u00e9rapie est souvent recommand\u00e9e pour aider \u00e0 restaurer la force et la mobilit\u00e9 du bras.\",\"inLanguage\":\"fr-CA\"},\"inLanguage\":\"fr-CA\"}]}<\/script>\n<!-- \/ Yoast SEO plugin. -->","yoast_head_json":{"title":"Fracture du cubitus : comment se d\u00e9roule le traitement orthop\u00e9dique ?","description":"D\u00e9couvrez comment se d\u00e9roule le traitement orthop\u00e9dique de la fracture du cubitus apr\u00e8s un traumatisme.","robots":{"index":"index","follow":"follow","max-snippet":"max-snippet:-1","max-image-preview":"max-image-preview:large","max-video-preview":"max-video-preview:-1"},"canonical":"https:\/\/drbenoitbenoit.com\/fr\/fracture-du-cubitus\/","og_locale":"fr_CA","og_type":"article","og_title":"Fracture du cubitus : comment se d\u00e9roule le traitement orthop\u00e9dique ?","og_description":"D\u00e9couvrez comment se d\u00e9roule le traitement orthop\u00e9dique de la fracture du cubitus apr\u00e8s un traumatisme.","og_url":"https:\/\/drbenoitbenoit.com\/fr\/fracture-du-cubitus\/","og_site_name":"Dr. Benoit Benoit - Chirurgien Orthop\u00e9dique","article_published_time":"2025-09-16T13:53:24+00:00","article_modified_time":"2025-09-16T13:53:26+00:00","og_image":[{"width":1536,"height":1024,"url":"https:\/\/drbenoitbenoit.com\/wp-content\/uploads\/2025\/09\/fracture-du-cubitus.webp","type":"image\/webp"}],"author":"Dr. Benoit Benoit","twitter_card":"summary_large_image","schema":{"@context":"https:\/\/schema.org","@graph":[{"@type":"Article","@id":"https:\/\/drbenoitbenoit.com\/fr\/fracture-du-cubitus\/#article","isPartOf":{"@id":"https:\/\/drbenoitbenoit.com\/fr\/fracture-du-cubitus\/"},"author":{"name":"Dr. Benoit Benoit","@id":"https:\/\/drbenoitbenoit.com\/fr\/#\/schema\/person\/f4e3a1d27f8d1a269fd5f6d8a1813b5e"},"headline":"Fracture du cubitus : comment se d\u00e9roule le traitement orthop\u00e9dique ?","datePublished":"2025-09-16T13:53:24+00:00","dateModified":"2025-09-16T13:53:26+00:00","mainEntityOfPage":{"@id":"https:\/\/drbenoitbenoit.com\/fr\/fracture-du-cubitus\/"},"wordCount":865,"publisher":{"@id":"https:\/\/drbenoitbenoit.com\/fr\/#organization"},"image":{"@id":"https:\/\/drbenoitbenoit.com\/fr\/fracture-du-cubitus\/#primaryimage"},"thumbnailUrl":"https:\/\/drbenoitbenoit.com\/wp-content\/uploads\/2025\/09\/fracture-du-cubitus.webp","articleSection":["Non classifi\u00e9(e)"],"inLanguage":"fr-CA"},{"@type":["WebPage","FAQPage"],"@id":"https:\/\/drbenoitbenoit.com\/fr\/fracture-du-cubitus\/","url":"https:\/\/drbenoitbenoit.com\/fr\/fracture-du-cubitus\/","name":"Fracture du cubitus : comment se d\u00e9roule le traitement orthop\u00e9dique ?","isPartOf":{"@id":"https:\/\/drbenoitbenoit.com\/fr\/#website"},"primaryImageOfPage":{"@id":"https:\/\/drbenoitbenoit.com\/fr\/fracture-du-cubitus\/#primaryimage"},"image":{"@id":"https:\/\/drbenoitbenoit.com\/fr\/fracture-du-cubitus\/#primaryimage"},"thumbnailUrl":"https:\/\/drbenoitbenoit.com\/wp-content\/uploads\/2025\/09\/fracture-du-cubitus.webp","datePublished":"2025-09-16T13:53:24+00:00","dateModified":"2025-09-16T13:53:26+00:00","description":"D\u00e9couvrez comment se d\u00e9roule le traitement orthop\u00e9dique de la fracture du cubitus apr\u00e8s un traumatisme.","breadcrumb":{"@id":"https:\/\/drbenoitbenoit.com\/fr\/fracture-du-cubitus\/#breadcrumb"},"mainEntity":[{"@id":"https:\/\/drbenoitbenoit.com\/fr\/fracture-du-cubitus\/#faq-question-1758030564636"},{"@id":"https:\/\/drbenoitbenoit.com\/fr\/fracture-du-cubitus\/#faq-question-1758030583278"},{"@id":"https:\/\/drbenoitbenoit.com\/fr\/fracture-du-cubitus\/#faq-question-1758030601229"},{"@id":"https:\/\/drbenoitbenoit.com\/fr\/fracture-du-cubitus\/#faq-question-1758030618085"}],"inLanguage":"fr-CA","potentialAction":[{"@type":"ReadAction","target":["https:\/\/drbenoitbenoit.com\/fr\/fracture-du-cubitus\/"]}]},{"@type":"ImageObject","inLanguage":"fr-CA","@id":"https:\/\/drbenoitbenoit.com\/fr\/fracture-du-cubitus\/#primaryimage","url":"https:\/\/drbenoitbenoit.com\/wp-content\/uploads\/2025\/09\/fracture-du-cubitus.webp","contentUrl":"https:\/\/drbenoitbenoit.com\/wp-content\/uploads\/2025\/09\/fracture-du-cubitus.webp","width":1536,"height":1024,"caption":"fracture du cubitus"},{"@type":"BreadcrumbList","@id":"https:\/\/drbenoitbenoit.com\/fr\/fracture-du-cubitus\/#breadcrumb","itemListElement":[{"@type":"ListItem","position":1,"name":"Accueil","item":"https:\/\/drbenoitbenoit.com\/fr\/"},{"@type":"ListItem","position":2,"name":"Fracture du cubitus : comment se d\u00e9roule le traitement orthop\u00e9dique ?"}]},{"@type":"WebSite","@id":"https:\/\/drbenoitbenoit.com\/fr\/#website","url":"https:\/\/drbenoitbenoit.com\/fr\/","name":"Dr. Benoit Benoit - Chirurgien Orthop\u00e9dique","description":"","publisher":{"@id":"https:\/\/drbenoitbenoit.com\/fr\/#organization"},"potentialAction":[{"@type":"SearchAction","target":{"@type":"EntryPoint","urlTemplate":"https:\/\/drbenoitbenoit.com\/fr\/?s={search_term_string}"},"query-input":{"@type":"PropertyValueSpecification","valueRequired":true,"valueName":"search_term_string"}}],"inLanguage":"fr-CA"},{"@type":"Organization","@id":"https:\/\/drbenoitbenoit.com\/fr\/#organization","name":"Dr Benoit Benoit","url":"https:\/\/drbenoitbenoit.com\/fr\/","logo":{"@type":"ImageObject","inLanguage":"fr-CA","@id":"https:\/\/drbenoitbenoit.com\/fr\/#\/schema\/logo\/image\/","url":"https:\/\/drbenoitbenoit.com\/wp-content\/uploads\/2022\/04\/cropped-Favicon-Dr-Benoit_2022-1.png","contentUrl":"https:\/\/drbenoitbenoit.com\/wp-content\/uploads\/2022\/04\/cropped-Favicon-Dr-Benoit_2022-1.png","width":512,"height":512,"caption":"Dr Benoit Benoit"},"image":{"@id":"https:\/\/drbenoitbenoit.com\/fr\/#\/schema\/logo\/image\/"}},{"@type":"Person","@id":"https:\/\/drbenoitbenoit.com\/fr\/#\/schema\/person\/f4e3a1d27f8d1a269fd5f6d8a1813b5e","name":"Dr. Benoit Benoit","description":"Dr. Benoit is an assistant professor of surgery at the\u00a0Universit\u00e9 de Montr\u00e9al\u00a0and\u00a0practices at the\u00a0CIUSSS Nord-de-l\u2019\u00eele de Montr\u00e9al. He completed his medical degree at\u00a0Universit\u00e9 Laval\u00a0in Quebec City in 2001 and did his orthopedic residency at the\u00a0Universit\u00e9 de Montreal, where he was on the Dean\u2019s honour list. Following his residency, he completed two additional years of fellowship training; the first year in Geneva, Switzerland and the second year in Ottawa, Canada.","sameAs":["http:\/\/www.medicalplus.io\/"]},{"@type":"Question","@id":"https:\/\/drbenoitbenoit.com\/fr\/fracture-du-cubitus\/#faq-question-1758030564636","position":1,"url":"https:\/\/drbenoitbenoit.com\/fr\/fracture-du-cubitus\/#faq-question-1758030564636","name":"Quelles sont les causes courantes de la fracture du cubitus ?","answerCount":1,"acceptedAnswer":{"@type":"Answer","text":"Les fractures du cubitus surviennent souvent \u00e0 la suite de chutes, d'accidents sportifs ou de traumatismes directs au bras.","inLanguage":"fr-CA"},"inLanguage":"fr-CA"},{"@type":"Question","@id":"https:\/\/drbenoitbenoit.com\/fr\/fracture-du-cubitus\/#faq-question-1758030583278","position":2,"url":"https:\/\/drbenoitbenoit.com\/fr\/fracture-du-cubitus\/#faq-question-1758030583278","name":"Quels sont les sympt\u00f4mes d'une fracture du cubitus ?","answerCount":1,"acceptedAnswer":{"@type":"Answer","text":"Les sympt\u00f4mes incluent une douleur intense, un gonflement, des ecchymoses et une difficult\u00e9 \u00e0 bouger le bras.","inLanguage":"fr-CA"},"inLanguage":"fr-CA"},{"@type":"Question","@id":"https:\/\/drbenoitbenoit.com\/fr\/fracture-du-cubitus\/#faq-question-1758030601229","position":3,"url":"https:\/\/drbenoitbenoit.com\/fr\/fracture-du-cubitus\/#faq-question-1758030601229","name":"Combien de temps faut-il pour gu\u00e9rir d'une fracture du cubitus ?","answerCount":1,"acceptedAnswer":{"@type":"Answer","text":"La gu\u00e9rison peut prendre de 6 \u00e0 12 semaines, selon la gravit\u00e9 de la fracture et le traitement appliqu\u00e9.","inLanguage":"fr-CA"},"inLanguage":"fr-CA"},{"@type":"Question","@id":"https:\/\/drbenoitbenoit.com\/fr\/fracture-du-cubitus\/#faq-question-1758030618085","position":4,"url":"https:\/\/drbenoitbenoit.com\/fr\/fracture-du-cubitus\/#faq-question-1758030618085","name":"La physioth\u00e9rapie est-elle n\u00e9cessaire apr\u00e8s une fracture du cubitus ?","answerCount":1,"acceptedAnswer":{"@type":"Answer","text":"Oui, la physioth\u00e9rapie est souvent recommand\u00e9e pour aider \u00e0 restaurer la force et la mobilit\u00e9 du bras.","inLanguage":"fr-CA"},"inLanguage":"fr-CA"}]}},"_links":{"self":[{"href":"https:\/\/drbenoitbenoit.com\/fr\/wp-json\/wp\/v2\/posts\/11340","targetHints":{"allow":["GET"]}}],"collection":[{"href":"https:\/\/drbenoitbenoit.com\/fr\/wp-json\/wp\/v2\/posts"}],"about":[{"href":"https:\/\/drbenoitbenoit.com\/fr\/wp-json\/wp\/v2\/types\/post"}],"author":[{"embeddable":true,"href":"https:\/\/drbenoitbenoit.com\/fr\/wp-json\/wp\/v2\/users\/990069"}],"replies":[{"embeddable":true,"href":"https:\/\/drbenoitbenoit.com\/fr\/wp-json\/wp\/v2\/comments?post=11340"}],"version-history":[{"count":2,"href":"https:\/\/drbenoitbenoit.com\/fr\/wp-json\/wp\/v2\/posts\/11340\/revisions"}],"predecessor-version":[{"id":11344,"href":"https:\/\/drbenoitbenoit.com\/fr\/wp-json\/wp\/v2\/posts\/11340\/revisions\/11344"}],"wp:featuredmedia":[{"embeddable":true,"href":"https:\/\/drbenoitbenoit.com\/fr\/wp-json\/wp\/v2\/media\/11341"}],"wp:attachment":[{"href":"https:\/\/drbenoitbenoit.com\/fr\/wp-json\/wp\/v2\/media?parent=11340"}],"wp:term":[{"taxonomy":"category","embeddable":true,"href":"https:\/\/drbenoitbenoit.com\/fr\/wp-json\/wp\/v2\/categories?post=11340"},{"taxonomy":"post_tag","embeddable":true,"href":"https:\/\/drbenoitbenoit.com\/fr\/wp-json\/wp\/v2\/tags?post=11340"}],"curies":[{"name":"wp","href":"https:\/\/api.w.org\/{rel}","templated":true}]}}